{"id":13357,"date":"2022-06-13T16:32:06","date_gmt":"2022-06-13T19:32:06","guid":{"rendered":"https:\/\/defensoriaformosa.gob.ar\/?p=13357"},"modified":"2022-06-13T16:32:06","modified_gmt":"2022-06-13T19:32:06","slug":"la-defensoria-solicito-al-congreso-nacional-la-ratificacion-del-convenio-marco-para-el-control-del-tabaco","status":"publish","type":"post","link":"https:\/\/defensoriaformosa.gob.ar\/?p=13357","title":{"rendered":"LA DEFENSORIA SOLICITO AL CONGRESO NACIONAL LA RATIFICACION DEL CONVENIO MARCO PARA EL CONTROL DEL TABACO"},"content":{"rendered":"<p>Gialluca se\u00f1al\u00f3 que, el problema del tabaquismo no se resuelve solo con Normas y que hoy existen publicidades y promociones de las tabacaleras que est\u00e1n dirigidas a que ni\u00f1as\/os y adolescentes se sientan atra\u00eddos al consumo de tabaco y han incorporado no solamente sabores atractivos como las c\u00e1psulas de mentol que disminuyen el sabor amargo del tabaco, sino que, no respetan normativas que proh\u00edben la publicidad y promoci\u00f3n de estos productos-<!--more--><\/p>\n<p>El Defensor del Pueblo de la Provincia de Formosa, Dr. Jos\u00e9 Leonardo Gialluca, solicit\u00f3 formalmente al Congreso de la Naci\u00f3n, tanto al Presidente de la C\u00e1mara de Diputados Sergio Massa, como a la Presidenta del Senado Cristina Fern\u00e1ndez, que nuestro pa\u00eds proceda a la Ratificaci\u00f3n del Convenio Marco para el Control de Tabaco (CMCT), conocido como el primer Tratado Global de Salud P\u00fablica de la Organizaci\u00f3n Mundial de la Salud para dar respuesta al problema del tabaquismo. Se fundament\u00f3 el requerimiento dada la necesidad que, la argentina ratifique el mismo, para poder de este modo, luchar organizadamente contra el consumo desmedido de tabaco, el cual trae como consecuencia que, en los \u00faltimos a\u00f1os, el tabaquismo se relacione con 3 de las 8 enfermedades que generan m\u00e1s muertes a nivel mundial. Igual requerimiento, se concret\u00f3 a la actual Ministra de Salud de la Naci\u00f3n Dra. Carla Vizzotti. Desde el Organismo de la Constituci\u00f3n, se record\u00f3 que, a nivel nacional rige la Ley N\u00ba 26.687 que busca reducir el tabaquismo en la poblaci\u00f3n y que a nivel provincial contamos con la Ley N\u00ba 1.574, que regula la publicidad, promoci\u00f3n y consumo de los productos elaborados con tabaco a los fines de la prevenci\u00f3n y asistencia de la poblaci\u00f3n ante los da\u00f1os que produce el tabaquismo, como as\u00ed tambi\u00e9n con Ordenanzas de adhesi\u00f3n a la normativa provincial que se encuentran vigentes desde hace varios a\u00f1os. Gialluca se\u00f1al\u00f3 que, sabemos que el problema del tabaquismo no se resuelve solo con normas y por ello se hace necesario encarar agresivas pol\u00edticas p\u00fablicas que disminuyan el riesgo de que los ni\u00f1os y adolescentes desarrollen adicciones y la probabilidad de que sufran enfermedades cr\u00f3nicas, toda vez que, el consumo temprano del tabaco aumenta el riesgo en los mismos en que sufran hipertensi\u00f3n, c\u00e1nceres, infartos y ataques cerebrovasculares. Debemos tambi\u00e9n luchar contra las estrategias de las empresas tabacaleras que, siempre est\u00e1n sacando provecho de los vac\u00edos legales, como lo es la exhibici\u00f3n de productos de paquetes de cigarrillos, junto con las golosinas, buscando normalizar el consumo del tabaco ante las miradas de ni\u00f1as\/os y adolescentes, pretendiendo mostrar que el consumo del producto del tabaco, es algo habitual y socialmente aceptable. Por ello, se record\u00f3 la vigencia de la Resoluci\u00f3n N\u00ba 143\/2022 del Ministerio de Salud de Naci\u00f3n que dispuso nuevas restricciones a la -publicidad enga\u00f1osa- de la industria del tabaco. mediante las \u201cNormas para la Divulgaci\u00f3n de Informaci\u00f3n al P\u00fablico Acerca de los Ingredientes de Productos de Tabaco\u201d prohibi\u00e9ndose la \u201cmenci\u00f3n a ingredientes y aditivos, como saborizantes, aromatizantes o cualquier otro tipo\u201d que pretenda hacer al producto m\u00e1s atractivo, en pos de resguardar especialmente a ni\u00f1as\/os y adolescentes. En la Argentina se producen m\u00e1s de 45 mil muertes al a\u00f1o y, esto genera una importante carga en el gasto de salud para el tratamiento de las enfermedades asociadas. Por otro lado, las enfermedades no transmisibles (ENT) causan el 72% de las defunciones que se producen anualmente en nuestro pa\u00eds; particularmente las enfermedades cardiovasculares y el c\u00e1ncer el 30% y el 20%, respectivamente. El consumo de tabaco es causa de enfermedades respiratorias graves, como enfisema y EPOC, c\u00e1ncer de pulm\u00f3n, boca, labios, lengua, laringe, faringe, es\u00f3fago, est\u00f3mago, p\u00e1ncreas, vejiga, ri\u00f1\u00f3n, cuello de \u00fatero, colon y recto, h\u00edgado, mama, cavidad nasal, ovario y ciertas formas de leucemia. Tambi\u00e9n aumenta el riesgo de desarrollar patolog\u00edas cardiovasculares, como enfermedad coronaria, accidente cerebrovascular (ACV), enfermedad vascular perif\u00e9rica, enfermedad renal cr\u00f3nica y diabetes mellitus. Adem\u00e1s, quienes no son fumadores, pero se encuentran expuestos al humo de productos de tabaco corren iguales riesgos de salud que una persona que fuma.<\/p>\n","protected":false},"excerpt":{"rendered":"<p>Gialluca se\u00f1al\u00f3 que, el problema del tabaquismo no se resuelve solo con Normas y que hoy existen publicidades y promociones de las tabacaleras que est\u00e1n dirigidas a que ni\u00f1as\/os y adolescentes se sientan atra\u00eddos al consumo de tabaco y han incorporado no solamente sabores atractivos como las c\u00e1psulas de mentol que disminuyen el sabor amargo [&hellip;]<\/p>\n","protected":false},"author":1,"featured_media":13358,"comment_status":"closed","ping_status":"closed","sticky":false,"template":"","format":"standard","meta":{"footnotes":""},"categories":[6,3],"tags":[],"class_list":["post-13357","post","type-post","status-publish","format-standard","has-post-thumbnail","hentry","category-salud","category-defensa-de-los-derechos-del-usuario-consumidor-contribuyentes"],"_links":{"self":[{"href":"https:\/\/defensoriaformosa.gob.ar\/index.php?rest_route=\/wp\/v2\/posts\/13357","targetHints":{"allow":["GET"]}}],"collection":[{"href":"https:\/\/defensoriaformosa.gob.ar\/index.php?rest_route=\/wp\/v2\/posts"}],"about":[{"href":"https:\/\/defensoriaformosa.gob.ar\/index.php?rest_route=\/wp\/v2\/types\/post"}],"author":[{"embeddable":true,"href":"https:\/\/defensoriaformosa.gob.ar\/index.php?rest_route=\/wp\/v2\/users\/1"}],"replies":[{"embeddable":true,"href":"https:\/\/defensoriaformosa.gob.ar\/index.php?rest_route=%2Fwp%2Fv2%2Fcomments&post=13357"}],"version-history":[{"count":1,"href":"https:\/\/defensoriaformosa.gob.ar\/index.php?rest_route=\/wp\/v2\/posts\/13357\/revisions"}],"predecessor-version":[{"id":13359,"href":"https:\/\/defensoriaformosa.gob.ar\/index.php?rest_route=\/wp\/v2\/posts\/13357\/revisions\/13359"}],"wp:featuredmedia":[{"embeddable":true,"href":"https:\/\/defensoriaformosa.gob.ar\/index.php?rest_route=\/wp\/v2\/media\/13358"}],"wp:attachment":[{"href":"https:\/\/defensoriaformosa.gob.ar\/index.php?rest_route=%2Fwp%2Fv2%2Fmedia&parent=13357"}],"wp:term":[{"taxonomy":"category","embeddable":true,"href":"https:\/\/defensoriaformosa.gob.ar\/index.php?rest_route=%2Fwp%2Fv2%2Fcategories&post=13357"},{"taxonomy":"post_tag","embeddable":true,"href":"https:\/\/defensoriaformosa.gob.ar\/index.php?rest_route=%2Fwp%2Fv2%2Ftags&post=13357"}],"curies":[{"name":"wp","href":"https:\/\/api.w.org\/{rel}","templated":true}]}}