{"id":13341,"date":"2022-06-07T20:41:17","date_gmt":"2022-06-07T23:41:17","guid":{"rendered":"https:\/\/defensoriaformosa.gob.ar\/?p=13341"},"modified":"2022-06-07T20:41:17","modified_gmt":"2022-06-07T23:41:17","slug":"la-justicia-ordeno-a-la-uta-seccional-formosa-que-designe-la-nomina-de-choferes-para-brindar-el-servicio-de-emergencia","status":"publish","type":"post","link":"https:\/\/defensoriaformosa.gob.ar\/?p=13341","title":{"rendered":"LA JUSTICIA ORDENO A LA UTA SECCIONAL FORMOSA QUE DESIGNE LA NOMINA DE CHOFERES PARA BRINDAR EL SERVICIO DE EMERGENCIA"},"content":{"rendered":"<p>Esto se produjo luego de una presentaci\u00f3n judicial iniciada por la Defensor\u00eda del Pueblo, tras lo cual, la Justicia, orden\u00f3 a la UTA Seccional Formosa que en el plazo perentorio de Una (1) hora, env\u00ede la n\u00f3mina de choferes que, deber\u00e1n brindar el Servicio de Emergencia frente al actual paro de colectivos. En caso de incumplimiento, Gialluca se\u00f1al\u00f3 que, pedir\u00e1 se embarguen las cuotas sindicales de la UTA, puesto que, somos respetuosos de derecho a huelga, pero este no es absoluto y tambi\u00e9n debemos garantizar que los vecinos puedan movilizarse en estas circunstancias-<\/p>\n<p><!--more--><br \/>\nEl Defensor del Pueblo de la Provincia de Formosa, Dr. Jos\u00e9 Leonardo Gialluca, inform\u00f3 que, en el d\u00eda de la fecha, la Jueza Subrogante del Juzgado en lo Civil y Comercial N\u00ba 5, Dra. Claudia P\u00e9rez Grepo, Secretaria de la Dra. Aixa Amat, hizo lugar a una Medida Autosatisfactiva interpuesta y a tal efecto \u201cIntim\u00f3\u201d a la Uni\u00f3n Tranviarios Automotor -Delegaci\u00f3n Formosa- a que en el plazo de una (1) hora remita la n\u00f3mina de choferes que van a cumplir con el servicio de emergencia que debe ser prestado por la Empresa Crucero del Sur Agrupaci\u00f3n, en el contexto de la actual medida de fuerza (paro), conforme lo previsto por la Ordenanza Municipal N\u00ba 2.143\/89 y en consideraci\u00f3n a lo oportunamente ordenado por la Excma. C\u00e1mara de Apelaciones en lo Civil y Comercial, mediante el Fallo N\u00ba 20.335\/21, que estatuye que el sindicato, adem\u00e1s de comunicar con suficiente antelaci\u00f3n la realizaci\u00f3n de una medida de fuerza, debe remitir un listado de los choferes que prestar\u00e1n el servicio m\u00ednimo, dada la vigencia de la normativa se\u00f1alada, bajo apercibimiento de la aplicaci\u00f3n de las sanciones econ\u00f3micas pertinentes. En la demanda, la Defensor\u00eda en su car\u00e1cter de fiscalizadora de la prestaci\u00f3n de los servicios p\u00fablicos, en los t\u00e9rminos del Art. 153 de la Constituci\u00f3n Provincial, resalt\u00f3 que Institucionalmente, somos respetuosos del derecho de los trabajadores a llevar adelante una huelga conforme lo prev\u00e9 el art. 14 bis de la C.N., pero el mismo no otorga derechos absolutos y debe ser interpretado dentro y en concordancia con el resto de las normativas vigentes y antecedentes doctrinarios y jurisprudenciales. Es que, la actividad de transporte urbano de pasajeros es un servicio p\u00fablico y, por ende, median intereses de orden superior que fundan la vigencia de normas que aseguran su continuidad reducida, pese a las medidas de fuerza que lleven adelante los operarios de la empresa. Debe existir entonces un equilibrio entre el derecho a huelga de los trabajadores y la potestad de los usuarios de contar con el servicio del transporte p\u00fablico de manera ininterrumpida, en atenci\u00f3n a que decena de miles de personas dependen de los colectivos exclusivamente para realizar actividades vinculadas con el desempe\u00f1o de sus tareas, tanto en el sector p\u00fablico como en el privado, docentes y alumnos que deben concurrir a los establecimientos educativos y adem\u00e1s la necesidad de concurrir a hospitales p\u00fablicos, obra sociales y dem\u00e1s actividades socioecon\u00f3micas habituales, las cuales se ven gravemente afectadas, sino hasta vedadas al no encontrarse en funcionamiento el servicio de emergencia mediante un colectivo cada dos horas por l\u00ednea y que con ello m\u00e1s las otras acciones p\u00fablicas que lleva adelante la Municipalidad de la Ciudad de Formosa, mitiguen los padeceres que peri\u00f3dicamente sufren todos los vecinos de la Ciudad de Formosa.<\/p>\n<p>&nbsp;<\/p>\n","protected":false},"excerpt":{"rendered":"<p>Esto se produjo luego de una presentaci\u00f3n judicial iniciada por la Defensor\u00eda del Pueblo, tras lo cual, la Justicia, orden\u00f3 a la UTA Seccional Formosa que en el plazo perentorio de Una (1) hora, env\u00ede la n\u00f3mina de choferes que, deber\u00e1n brindar el Servicio de Emergencia frente al actual paro de colectivos. En caso de [&hellip;]<\/p>\n","protected":false},"author":1,"featured_media":13342,"comment_status":"closed","ping_status":"closed","sticky":false,"template":"","format":"standard","meta":{"footnotes":""},"categories":[15,3],"tags":[],"class_list":["post-13341","post","type-post","status-publish","format-standard","has-post-thumbnail","hentry","category-servicios","category-defensa-de-los-derechos-del-usuario-consumidor-contribuyentes"],"_links":{"self":[{"href":"https:\/\/defensoriaformosa.gob.ar\/index.php?rest_route=\/wp\/v2\/posts\/13341","targetHints":{"allow":["GET"]}}],"collection":[{"href":"https:\/\/defensoriaformosa.gob.ar\/index.php?rest_route=\/wp\/v2\/posts"}],"about":[{"href":"https:\/\/defensoriaformosa.gob.ar\/index.php?rest_route=\/wp\/v2\/types\/post"}],"author":[{"embeddable":true,"href":"https:\/\/defensoriaformosa.gob.ar\/index.php?rest_route=\/wp\/v2\/users\/1"}],"replies":[{"embeddable":true,"href":"https:\/\/defensoriaformosa.gob.ar\/index.php?rest_route=%2Fwp%2Fv2%2Fcomments&post=13341"}],"version-history":[{"count":1,"href":"https:\/\/defensoriaformosa.gob.ar\/index.php?rest_route=\/wp\/v2\/posts\/13341\/revisions"}],"predecessor-version":[{"id":13343,"href":"https:\/\/defensoriaformosa.gob.ar\/index.php?rest_route=\/wp\/v2\/posts\/13341\/revisions\/13343"}],"wp:featuredmedia":[{"embeddable":true,"href":"https:\/\/defensoriaformosa.gob.ar\/index.php?rest_route=\/wp\/v2\/media\/13342"}],"wp:attachment":[{"href":"https:\/\/defensoriaformosa.gob.ar\/index.php?rest_route=%2Fwp%2Fv2%2Fmedia&parent=13341"}],"wp:term":[{"taxonomy":"category","embeddable":true,"href":"https:\/\/defensoriaformosa.gob.ar\/index.php?rest_route=%2Fwp%2Fv2%2Fcategories&post=13341"},{"taxonomy":"post_tag","embeddable":true,"href":"https:\/\/defensoriaformosa.gob.ar\/index.php?rest_route=%2Fwp%2Fv2%2Ftags&post=13341"}],"curies":[{"name":"wp","href":"https:\/\/api.w.org\/{rel}","templated":true}]}}