{"id":13336,"date":"2022-06-06T16:43:07","date_gmt":"2022-06-06T19:43:07","guid":{"rendered":"https:\/\/defensoriaformosa.gob.ar\/?p=13336"},"modified":"2022-06-06T16:43:58","modified_gmt":"2022-06-06T19:43:58","slug":"valoraron-la-labor-periodistica-independiente","status":"publish","type":"post","link":"https:\/\/defensoriaformosa.gob.ar\/?p=13336","title":{"rendered":"Valoraron la labor period\u00edstica independiente"},"content":{"rendered":"<p><strong>La Defensor\u00eda del Pueblo de la Provincia de Formosa, destac\u00f3 el invalorable aporte que implica para una Comunidad, la existencia de la labor period\u00edstica independiente.<\/strong><\/p>\n<p><!--more--><\/p>\n<p>En este sentido, el Ombudsman Provincial, Dr. Jos\u00e9 Leonardo Gialluca, refiri\u00f3 que la comunicaci\u00f3n ha dado un vuelco extraordinario en estas \u00faltimas dos d\u00e9cadas, pudiendo decirse que, actualmente, poco tiene que ver con la de comienzos de siglo. La expansi\u00f3n de la digitalizaci\u00f3n, ha originado nuevos desaf\u00edos, tanto para los comunicadores como para los destinatarios de su labor. En la era digital, todo tiene un ritmo vertiginoso, lo cual representa un desaf\u00edo para los medios de prensa, as\u00ed como para quienes conforman su columna vertebral, los periodistas. En tal encrucijada, precis\u00f3, es evidente que muchos no han podido adaptarse y otros, no solo se han amoldado a las variables que presenta la denominada autopista de la informaci\u00f3n, sino que adem\u00e1s han ampliado sus horizontes, siendo precursores de nuevas formas y estilos period\u00edsticos. En lo que respecta a nuestro pa\u00eds en particular y volviendo a la labor period\u00edstica independiente, la misma se ha convertido en un refugio para la libertad de expresi\u00f3n, la cual se vincula directamente con la potestad de poder publicar libremente las ideas por la prensa, entendida esta en un sentido amplio. En contraposici\u00f3n, no puedo dejar de referirme al da\u00f1o social que causan quienes abusando de la investidura que conllevan el hacerse llamar periodistas, agreden, censuran y tergiversan la informaci\u00f3n con fines personales, corporativos o pol\u00edticos, a ellos espet\u00f3 el funcionario, les cabe la responsabilidad de promover e instalar la violencia y el descr\u00e9dito dentro de esta noble profesi\u00f3n y hace que la sociedad cada vez piense menos en que los periodistas son confiables. Hasta FOPEA indica que los propios periodistas valoran tambi\u00e9n negativamente la \u00faltima d\u00e9cada de la profesi\u00f3n y sus perspectivas sobre el futuro, por lo que, tanto los ajenos al campo profesional, como los propios, coinciden en que el periodismo est\u00e1 en su peor momento desde la recuperaci\u00f3n democr\u00e1tica. Por ello, la opini\u00f3n de un periodista tiene valor si est\u00e1 fundada en hechos rigurosos, sino su opini\u00f3n es un abuso de posici\u00f3n dominante y as\u00ed malversa su profesi\u00f3n de periodista y esta mala praxis no construye democracia, sino que, la degrada d\u00eda a d\u00eda. Finaliz\u00f3 felicitando a los medios de comunicaci\u00f3n que, mantienen sus l\u00edneas editoriales, a los que est\u00e1n preocupados por darnos a conocer la verdad, con objetividad y con el \u00fanico inter\u00e9s de difundir los hechos destacados de nuestra realidad, llamados noticias. En definitiva, a los que hacen honor a los altos ideales tenidos en mente por Mariano Moreno, ilustre colega quien, all\u00e1 por 1810, un 7 de junio fund\u00f3 el Diario \u201cLa Gaceta de Buenos\u201d aires, de eso hacen ya 212 a\u00f1os.<\/p>\n","protected":false},"excerpt":{"rendered":"<p>La Defensor\u00eda del Pueblo de la Provincia de Formosa, destac\u00f3 el invalorable aporte que implica para una Comunidad, la existencia de la labor period\u00edstica independiente.<\/p>\n","protected":false},"author":1,"featured_media":13337,"comment_status":"closed","ping_status":"closed","sticky":false,"template":"","format":"standard","meta":{"footnotes":""},"categories":[1],"tags":[],"class_list":["post-13336","post","type-post","status-publish","format-standard","has-post-thumbnail","hentry","category-noticias"],"_links":{"self":[{"href":"https:\/\/defensoriaformosa.gob.ar\/index.php?rest_route=\/wp\/v2\/posts\/13336","targetHints":{"allow":["GET"]}}],"collection":[{"href":"https:\/\/defensoriaformosa.gob.ar\/index.php?rest_route=\/wp\/v2\/posts"}],"about":[{"href":"https:\/\/defensoriaformosa.gob.ar\/index.php?rest_route=\/wp\/v2\/types\/post"}],"author":[{"embeddable":true,"href":"https:\/\/defensoriaformosa.gob.ar\/index.php?rest_route=\/wp\/v2\/users\/1"}],"replies":[{"embeddable":true,"href":"https:\/\/defensoriaformosa.gob.ar\/index.php?rest_route=%2Fwp%2Fv2%2Fcomments&post=13336"}],"version-history":[{"count":2,"href":"https:\/\/defensoriaformosa.gob.ar\/index.php?rest_route=\/wp\/v2\/posts\/13336\/revisions"}],"predecessor-version":[{"id":13339,"href":"https:\/\/defensoriaformosa.gob.ar\/index.php?rest_route=\/wp\/v2\/posts\/13336\/revisions\/13339"}],"wp:featuredmedia":[{"embeddable":true,"href":"https:\/\/defensoriaformosa.gob.ar\/index.php?rest_route=\/wp\/v2\/media\/13337"}],"wp:attachment":[{"href":"https:\/\/defensoriaformosa.gob.ar\/index.php?rest_route=%2Fwp%2Fv2%2Fmedia&parent=13336"}],"wp:term":[{"taxonomy":"category","embeddable":true,"href":"https:\/\/defensoriaformosa.gob.ar\/index.php?rest_route=%2Fwp%2Fv2%2Fcategories&post=13336"},{"taxonomy":"post_tag","embeddable":true,"href":"https:\/\/defensoriaformosa.gob.ar\/index.php?rest_route=%2Fwp%2Fv2%2Ftags&post=13336"}],"curies":[{"name":"wp","href":"https:\/\/api.w.org\/{rel}","templated":true}]}}