{"id":13305,"date":"2022-05-24T18:14:37","date_gmt":"2022-05-24T21:14:37","guid":{"rendered":"https:\/\/defensoriaformosa.gob.ar\/?p=13305"},"modified":"2022-05-24T18:14:37","modified_gmt":"2022-05-24T21:14:37","slug":"denuncian-ante-la-defensoria-del-pueblo-hechos-de-violencia-en-ing-juarez","status":"publish","type":"post","link":"https:\/\/defensoriaformosa.gob.ar\/?p=13305","title":{"rendered":"DENUNCIAN ANTE LA DEFENSOR\u00cdA DEL PUEBLO HECHOS DE VIOLENCIA EN ING. JUAREZ"},"content":{"rendered":"<p>-Gialluca solicit\u00f3 la intervenci\u00f3n de la Justicia Competente para que investigue tanto a los autores materiales como a los intelectuales de enfrentamientos, toda vez que los reclamantes expresaron que los \u00faltimos acontecimientos vienen siendo fomentados por dirigentes pol\u00edticos que tienen como \u00fanico objetivo, \u201cdividir y producir hechos de violencia, con la aviesa intencionalidad de obtener r\u00e9ditos personales y partidarios\u201d-<\/p>\n<p><!--more--><br \/>\nEl Defensor del Pueblo de la Provincia de Formosa, Dr. Jos\u00e9 Leonardo Gialluca llev\u00f3 adelante una serie de gestiones y acciones a pedido de vecinos y docentes de la localidad de Ing. Ju\u00e1rez, con el actual Intendente Rafael Nacif y otras autoridades, \u201cdado que los mismos denunciaron por ante el Organismo de la Constituci\u00f3n, el accionar de grupos violentos que desde hace tiempo residen principalmente en un sector de la ciudad denominado -B\u00ba 50 Viviendas- y que literalmente, han sido usurpadas por sus moradores, siendo autores de diversos hechos vand\u00e1licos y otros delitos\u201d. El asentamiento se ubica frente a la plaza principal, la cual actualmente se encuentra en p\u00e9simas condiciones, debido a que grupos de inadaptados, principalmente menores y j\u00f3venes alcoholizados y\/o bajo el influjo del consumo de sustancias prohibidas, se re\u00fanen en la misma, destrozando todo tipo de ornamenta, luminaria, juegos y\/o servicios que construye el municipio en dicho espacio p\u00fablico y, en horas de la noche, se vienen produciendo agresiones, a los que se acercan o transiten por la zona, con piedras, elementos punzantes; sustray\u00e9ndoles as\u00ed sus pertenencias personales y\/o simplemente atentando contra la integridad psicof\u00edsica de las\/los ocasionales v\u00edctimas. Fue precisamente un integrante de estos grupos el que fue detenido tras apropiarse ilegalmente de bienes de un comercio de limpieza pr\u00f3ximo al sitio indicado, el pasado domingo 22 del corriente, en horas de la tarde, aprovechando la confusi\u00f3n que caus\u00f3 el festejo de la final de la Copa Liga Nacional. Tras la detenci\u00f3n, los miembros del grupo al que pertenece el joven infractor, ocasionaron diversos desmanes. Asimismo, refirieron que existe una disputa de larga data entre los vecinos de los Barrios Obrero y Viejo de la localidad, la cual ha sido reavivada por referentes pol\u00edticos llegados de la ciudad capital de Formosa que instan a unos a enfrentarse con otros y pretendiendo que, en tales grescas, queden envueltas personas que no tienen nada que ver con esta violencia desatada y ahora incitada. Por otro lado, los denunciantes expresaron su indignaci\u00f3n por el tratamiento dado al tema por parte de \u201cmedios nacionales\u201d que difundieron reportes que nada tienen que ver con la realidad que se vive en Ing. Ju\u00e1rez, a la vez, de repudiar la actitud de personas que hacen un mal uso de la pol\u00edtica y que, afirmaron, aparentemente esperan que haya una v\u00edctima fatal para satisfacer sus mezquinos objetivos personales, ya que permanentemente arengan una reyerta para el acto del 25 de Mayo a realizarse en una escuela juarense y\/o en el desfile c\u00edvico-militar. Ante el conocimiento de esta situaci\u00f3n, el Defensor del Pueblo, remiti\u00f3 sendas Actuaciones a la Polic\u00eda de la Provincia y a la Fiscal\u00eda con competencia penal de la Tercera Circunscripci\u00f3n Judicial con asiento en Las Lomitas, para que se investigue los hechos de violencia acaecidos, solicitando adem\u00e1s el funcionario provincial, \u201cque se adopten medidas preventivas de modo tal que no ocurra ning\u00fan hecho delictivo que tengamos que lamentar m\u00e1s adelante, resguardando de esta manera a toda la poblaci\u00f3n de esta localidad, como as\u00ed tambi\u00e9n a la propiedad p\u00fablica y privada, dada que la convivencia entre criollos y originarios se desenvuelve con normalidad, mediante el desarrollo de acciones interinstitucionales de las que participan, el estado municipal, las iglesias, instituciones deportivas, los comercios, estudiantes y docentes, en conjunto con toda la comunidad\u201d.<\/p>\n","protected":false},"excerpt":{"rendered":"<p>-Gialluca solicit\u00f3 la intervenci\u00f3n de la Justicia Competente para que investigue tanto a los autores materiales como a los intelectuales de enfrentamientos, toda vez que los reclamantes expresaron que los \u00faltimos acontecimientos vienen siendo fomentados por dirigentes pol\u00edticos que tienen como \u00fanico objetivo, \u201cdividir y producir hechos de violencia, con la aviesa intencionalidad de obtener [&hellip;]<\/p>\n","protected":false},"author":1,"featured_media":13306,"comment_status":"closed","ping_status":"closed","sticky":false,"template":"","format":"standard","meta":{"footnotes":""},"categories":[1],"tags":[],"class_list":["post-13305","post","type-post","status-publish","format-standard","has-post-thumbnail","hentry","category-noticias"],"_links":{"self":[{"href":"https:\/\/defensoriaformosa.gob.ar\/index.php?rest_route=\/wp\/v2\/posts\/13305","targetHints":{"allow":["GET"]}}],"collection":[{"href":"https:\/\/defensoriaformosa.gob.ar\/index.php?rest_route=\/wp\/v2\/posts"}],"about":[{"href":"https:\/\/defensoriaformosa.gob.ar\/index.php?rest_route=\/wp\/v2\/types\/post"}],"author":[{"embeddable":true,"href":"https:\/\/defensoriaformosa.gob.ar\/index.php?rest_route=\/wp\/v2\/users\/1"}],"replies":[{"embeddable":true,"href":"https:\/\/defensoriaformosa.gob.ar\/index.php?rest_route=%2Fwp%2Fv2%2Fcomments&post=13305"}],"version-history":[{"count":1,"href":"https:\/\/defensoriaformosa.gob.ar\/index.php?rest_route=\/wp\/v2\/posts\/13305\/revisions"}],"predecessor-version":[{"id":13307,"href":"https:\/\/defensoriaformosa.gob.ar\/index.php?rest_route=\/wp\/v2\/posts\/13305\/revisions\/13307"}],"wp:featuredmedia":[{"embeddable":true,"href":"https:\/\/defensoriaformosa.gob.ar\/index.php?rest_route=\/wp\/v2\/media\/13306"}],"wp:attachment":[{"href":"https:\/\/defensoriaformosa.gob.ar\/index.php?rest_route=%2Fwp%2Fv2%2Fmedia&parent=13305"}],"wp:term":[{"taxonomy":"category","embeddable":true,"href":"https:\/\/defensoriaformosa.gob.ar\/index.php?rest_route=%2Fwp%2Fv2%2Fcategories&post=13305"},{"taxonomy":"post_tag","embeddable":true,"href":"https:\/\/defensoriaformosa.gob.ar\/index.php?rest_route=%2Fwp%2Fv2%2Ftags&post=13305"}],"curies":[{"name":"wp","href":"https:\/\/api.w.org\/{rel}","templated":true}]}}