{"id":13302,"date":"2022-05-22T20:30:07","date_gmt":"2022-05-22T23:30:07","guid":{"rendered":"https:\/\/defensoriaformosa.gob.ar\/?p=13302"},"modified":"2022-05-22T20:30:07","modified_gmt":"2022-05-22T23:30:07","slug":"los-actuales-indices-de-actualizacion-implicaran-un-56-porciento-de-aumento-para-alquileres","status":"publish","type":"post","link":"https:\/\/defensoriaformosa.gob.ar\/?p=13302","title":{"rendered":"LOS ACTUALES INDICES DE ACTUALIZACION IMPLICARAN UN 56 PORCIENTO DE AUMENTO PARA ALQUILERES"},"content":{"rendered":"<p>El Defensor del Pueblo de la Provincia de Formosa, Dr. Jos\u00e9 Leonardo Gialluca, advirti\u00f3 que los alquileres continuar\u00e1n aumentando, si se mantiene la actual ley de alquileres, en perjuicio de los locatarios, todos ellos grupos familiares que vienen siendo vapuleados fuertemente por la inflaci\u00f3n y la actual situaci\u00f3n econ\u00f3mica.<\/p>\n<p><!--more--><\/p>\n<p>El mes que viene, quienes tengan que renovar un contrato de alquiler, se van a encontrar con que deber\u00e1n pagar un 55,97% m\u00e1s. Esto se produce, como consecuencia de que el \u00edndice de incremento se establece seg\u00fan la ley vigente y de all\u00ed se contempla en partes iguales la variaci\u00f3n de la inflaci\u00f3n (de acuerdo con el IPC que mide el INDEC) y los salarios, seg\u00fan la remuneraci\u00f3n promedio de los trabajadores estables (Ripte), que se utiliza hasta ahora para calcular los aumentos de los valores en las locaciones. Record\u00f3 Gialluca, que los precios de los alquileres se rigen por ley, los contratos son de 3 a\u00f1os m\u00ednimos con una indexaci\u00f3n en base a los \u00edndices que la rigen que son el Ripte Salario y Consumidor. En mayo este \u00edndice estaba en 53,90% y en junio ya est\u00e1 en 55,97 %, con miras a continuar increment\u00e1ndose, por lo que se debe encontrar desde el Congreso Nacional \u201cuna soluci\u00f3n justa tanto para inquilinos como para propietarios e inmobiliarias\u201d, pero est\u00e1 respuesta debe ser objetiva, no pol\u00edtica y de manera urgente, pues miles de familias, destinan gran porcentaje de sus ingresos a pagar servicios p\u00fablicos, alquileres y no pueden en la actualidad cubrir todo lo relacionado a alimentos y medicamentos.<\/p>\n<p>&nbsp;<\/p>\n","protected":false},"excerpt":{"rendered":"<p>El Defensor del Pueblo de la Provincia de Formosa, Dr. Jos\u00e9 Leonardo Gialluca, advirti\u00f3 que los alquileres continuar\u00e1n aumentando, si se mantiene la actual ley de alquileres, en perjuicio de los locatarios, todos ellos grupos familiares que vienen siendo vapuleados fuertemente por la inflaci\u00f3n y la actual situaci\u00f3n econ\u00f3mica.<\/p>\n","protected":false},"author":1,"featured_media":13303,"comment_status":"closed","ping_status":"closed","sticky":false,"template":"","format":"standard","meta":{"footnotes":""},"categories":[3,16],"tags":[],"class_list":["post-13302","post","type-post","status-publish","format-standard","has-post-thumbnail","hentry","category-defensa-de-los-derechos-del-usuario-consumidor-contribuyentes","category-vivienda"],"_links":{"self":[{"href":"https:\/\/defensoriaformosa.gob.ar\/index.php?rest_route=\/wp\/v2\/posts\/13302","targetHints":{"allow":["GET"]}}],"collection":[{"href":"https:\/\/defensoriaformosa.gob.ar\/index.php?rest_route=\/wp\/v2\/posts"}],"about":[{"href":"https:\/\/defensoriaformosa.gob.ar\/index.php?rest_route=\/wp\/v2\/types\/post"}],"author":[{"embeddable":true,"href":"https:\/\/defensoriaformosa.gob.ar\/index.php?rest_route=\/wp\/v2\/users\/1"}],"replies":[{"embeddable":true,"href":"https:\/\/defensoriaformosa.gob.ar\/index.php?rest_route=%2Fwp%2Fv2%2Fcomments&post=13302"}],"version-history":[{"count":1,"href":"https:\/\/defensoriaformosa.gob.ar\/index.php?rest_route=\/wp\/v2\/posts\/13302\/revisions"}],"predecessor-version":[{"id":13304,"href":"https:\/\/defensoriaformosa.gob.ar\/index.php?rest_route=\/wp\/v2\/posts\/13302\/revisions\/13304"}],"wp:featuredmedia":[{"embeddable":true,"href":"https:\/\/defensoriaformosa.gob.ar\/index.php?rest_route=\/wp\/v2\/media\/13303"}],"wp:attachment":[{"href":"https:\/\/defensoriaformosa.gob.ar\/index.php?rest_route=%2Fwp%2Fv2%2Fmedia&parent=13302"}],"wp:term":[{"taxonomy":"category","embeddable":true,"href":"https:\/\/defensoriaformosa.gob.ar\/index.php?rest_route=%2Fwp%2Fv2%2Fcategories&post=13302"},{"taxonomy":"post_tag","embeddable":true,"href":"https:\/\/defensoriaformosa.gob.ar\/index.php?rest_route=%2Fwp%2Fv2%2Ftags&post=13302"}],"curies":[{"name":"wp","href":"https:\/\/api.w.org\/{rel}","templated":true}]}}