{"id":13298,"date":"2022-05-20T17:44:30","date_gmt":"2022-05-20T20:44:30","guid":{"rendered":"https:\/\/defensoriaformosa.gob.ar\/?p=13298"},"modified":"2022-05-20T17:44:30","modified_gmt":"2022-05-20T20:44:30","slug":"el-defensor-del-pueblo-participio-de-la-audiencia-convocada-por-la-defensoria-del-publico-en-el-chaco","status":"publish","type":"post","link":"https:\/\/defensoriaformosa.gob.ar\/?p=13298","title":{"rendered":"EL DEFENSOR DEL PUEBLO PARTICIPIO DE LA AUDIENCIA CONVOCADA POR LA DEFENSORIA DEL PUBLICO EN EL CHACO"},"content":{"rendered":"<p>-Gialluca afirm\u00f3 que, salvo excepciones, existe en la actualidad, una tendencia a imponer el libertinaje medi\u00e1tico, con una fuerte carga de variadas violencias, por lo que, rescat\u00f3 la presentaci\u00f3n del C\u00f3digo de \u00c9tica Period\u00edstica de los Medios P\u00fablicos, como una herramienta inclusiva que comprende a los Pueblos Originarios, involucrando tem\u00e1ticas de ni\u00f1as\/os y adolescentes y recomendado como eje socioambiental en las coberturas medi\u00e1ticas, el cuidado que se debe tener con las personas v\u00edctimas de violencia por motivos de g\u00e9nero, como as\u00ed tambi\u00e9n la opci\u00f3n del lenguaje inclusivo y respetuoso sobre las Comunidades LGTBIQ+ y Migrantes para evitar estereotipos que estigmaticen a las personas por razones de nacionalidad o identidad de g\u00e9nero-<\/p>\n<p><!--more--><br \/>\nSe celebr\u00f3 en la Ciudad de Resistencia, Provincia del Chaco, la sexta Audiencia P\u00fablica por parte de la Defensor\u00eda del P\u00fablico de Servicios de Comunicaci\u00f3n Audiovisual de la Rep\u00fablica Argentina, presidida por su actual Defensora, Miriam Lewin y el Coordinador Gustavo Bulla, a fin de abordar las tem\u00e1ticas de la \u201cConcentraci\u00f3n de Medios\u201d, \u201cNuevos Medios Digitales\u201d y \u201cDerecho Humano a la Comunicaci\u00f3n\u201d, como ejes tem\u00e1ticos para las m\u00e1s de 66 personas organizadas en 48 grupos que se inscribieron previamente y otros que se fueron agregando con el correr de las horas. En la ocasi\u00f3n, la universalidad de usuarios de los servicios audiovisuales de la provincia, como Titulares del Derecho Humano a la Comunicaci\u00f3n, fue representada por el Defensor del Pueblo, Dr. Jos\u00e9 Leonardo Gialluca. El mismo, puso de manifiesto las agresiones permanentes a los que son expuestos los destinatarios de la informaci\u00f3n, quienes diariamente reciben \u201cFake News\u201d, mensajes tendenciosos, fragmentados o descontextualizados, emitidos por ciertos comunicadores que, lejos de hacer uso del ejercicio de la libertad de expresi\u00f3n y\/o de prensa como manifestaci\u00f3n de la misma, persiguen \u00fanicamente intereses personales, pol\u00edtico partidarios, econ\u00f3micos y\/o corporativos, contrarios al Derecho Humano a la Comunicaci\u00f3n que tenemos todos. Ello, recrea, afirm\u00f3, un escenario de libertinaje medi\u00e1tico, enmarcado incluso dentro de fuertes tintes de violencia verbal sin fundamento alguno, ni de los hechos que se reproducen y menos a\u00fan en normativa jur\u00eddica vigente. El Funcionario apunt\u00f3 al que denomin\u00f3 \u201cperiodismo militante\u201d ejercido por quienes se disfrazan de independientes y abanderados de la libertad de prensa para, lisa y llanamente, realizar militancia pol\u00edtico partidaria, desde los espacios a los que pueden llegar la mayor\u00eda de las veces bien apadrinados por candidatos de turno o incluso haciendo un doble juego, durante las campa\u00f1as cuasi period\u00edstica de opini\u00f3n y luego en las elecciones aspirantes a diferentes cargos partidarios. Gialluca, adem\u00e1s, carg\u00f3 contra quienes act\u00faan con impunidad, haciendo uso del prestigio de los buenos periodistas, ganado por respetables profesionales de la actividad que los precedieron y a los cuales les hacen poco favor al utilizar los espacios de comunicaci\u00f3n, para desinformar tendenciosamente en aras de viciar la comprensi\u00f3n de la realidad que puedan llegar a tener los destinatarios de las comunicaciones. El Ombudsman Provincial, finalmente, resalt\u00f3 la labor de los medios que \u201cmantienen las l\u00edneas editoriales y period\u00edsticas\u201d en la provincia, a quienes calific\u00f3 como baluartes del derecho humano de la comunicaci\u00f3n que tienen todos los habitantes de la Provincia y que sabemos quienes son, como tambi\u00e9n reconocemos a los otros, a quienes no les importa la objetividad, ni la verdad real, pues apuntan a otros intereses que nada tienen que ver con el ejercicio de la noble labor del periodista\u201d. Sugiri\u00f3 Gialluca a las Autoridades de la Defensor\u00eda del P\u00fablico, \u201cque se tomen medidas en los contenidos que producen casi todos los medios, para evitar que se naturalice o se minimicen las tem\u00e1ticas relacionadas, con el consumo de estupefacientes y otras sustancias derivadas de los mismos, como as\u00ed tambi\u00e9n poner l\u00edmites a quienes pretenden naturalizar la violencia de g\u00e9nero o todo tipo de violencia, pues somos espectadores de que estos medios incitan adem\u00e1s al consumo de alcohol, tabaco, bebidas energizantes, mediante de programas que no llevan una informaci\u00f3n objetiva, sino que tienen por finalidad expandir el consumo de elementos que son da\u00f1inos para la salud psicof\u00edsica de nuestros j\u00f3venes y ciudadanos en general\u201d.<\/p>\n","protected":false},"excerpt":{"rendered":"<p>-Gialluca afirm\u00f3 que, salvo excepciones, existe en la actualidad, una tendencia a imponer el libertinaje medi\u00e1tico, con una fuerte carga de variadas violencias, por lo que, rescat\u00f3 la presentaci\u00f3n del C\u00f3digo de \u00c9tica Period\u00edstica de los Medios P\u00fablicos, como una herramienta inclusiva que comprende a los Pueblos Originarios, involucrando tem\u00e1ticas de ni\u00f1as\/os y adolescentes y [&hellip;]<\/p>\n","protected":false},"author":1,"featured_media":13299,"comment_status":"closed","ping_status":"closed","sticky":false,"template":"","format":"standard","meta":{"footnotes":""},"categories":[1],"tags":[],"class_list":["post-13298","post","type-post","status-publish","format-standard","has-post-thumbnail","hentry","category-noticias"],"_links":{"self":[{"href":"https:\/\/defensoriaformosa.gob.ar\/index.php?rest_route=\/wp\/v2\/posts\/13298","targetHints":{"allow":["GET"]}}],"collection":[{"href":"https:\/\/defensoriaformosa.gob.ar\/index.php?rest_route=\/wp\/v2\/posts"}],"about":[{"href":"https:\/\/defensoriaformosa.gob.ar\/index.php?rest_route=\/wp\/v2\/types\/post"}],"author":[{"embeddable":true,"href":"https:\/\/defensoriaformosa.gob.ar\/index.php?rest_route=\/wp\/v2\/users\/1"}],"replies":[{"embeddable":true,"href":"https:\/\/defensoriaformosa.gob.ar\/index.php?rest_route=%2Fwp%2Fv2%2Fcomments&post=13298"}],"version-history":[{"count":1,"href":"https:\/\/defensoriaformosa.gob.ar\/index.php?rest_route=\/wp\/v2\/posts\/13298\/revisions"}],"predecessor-version":[{"id":13300,"href":"https:\/\/defensoriaformosa.gob.ar\/index.php?rest_route=\/wp\/v2\/posts\/13298\/revisions\/13300"}],"wp:featuredmedia":[{"embeddable":true,"href":"https:\/\/defensoriaformosa.gob.ar\/index.php?rest_route=\/wp\/v2\/media\/13299"}],"wp:attachment":[{"href":"https:\/\/defensoriaformosa.gob.ar\/index.php?rest_route=%2Fwp%2Fv2%2Fmedia&parent=13298"}],"wp:term":[{"taxonomy":"category","embeddable":true,"href":"https:\/\/defensoriaformosa.gob.ar\/index.php?rest_route=%2Fwp%2Fv2%2Fcategories&post=13298"},{"taxonomy":"post_tag","embeddable":true,"href":"https:\/\/defensoriaformosa.gob.ar\/index.php?rest_route=%2Fwp%2Fv2%2Ftags&post=13298"}],"curies":[{"name":"wp","href":"https:\/\/api.w.org\/{rel}","templated":true}]}}