{"id":13292,"date":"2022-05-17T20:33:13","date_gmt":"2022-05-17T23:33:13","guid":{"rendered":"https:\/\/defensoriaformosa.gob.ar\/?p=13292"},"modified":"2022-05-17T20:33:13","modified_gmt":"2022-05-17T23:33:13","slug":"descargo-del-isi-ante-una-falsa-denuncia-de-padres-contra-una-docente","status":"publish","type":"post","link":"https:\/\/defensoriaformosa.gob.ar\/?p=13292","title":{"rendered":"DESCARGO DEL ISI ANTE UNA FALSA DENUNCIA DE PADRES CONTRA UNA DOCENTE"},"content":{"rendered":"<p>-Gialluca inform\u00f3 que, el ISI mediante su Representante Legal, inform\u00f3 que las noticias que circularon por las redes sociales de que a una alumna se le habr\u00eda prohibido ir al ba\u00f1o y que la menor se habr\u00eda orinado en el aula, no fue conforme a los hechos reales que se produjeron, por lo que, cre\u00e1ndose un \u201cespacio de escucha\u201d donde se establecieron acuerdos para evitar el uso de las redes sociales como un medio para dar a conocer hechos que atentan contra las menores, las familias, la docente y la Instituci\u00f3n-<!--more--><\/p>\n<p>El Defensor del Pueblo de la Provincia de Formosa, Dr. Jos\u00e9 Leonardo Gialluca, dio a conocer el descargo efectuado por el Instituto Santa Isabel (ISI) en fecha 16 del corriente mes y a\u00f1o a las 11:54 horas mediante su Representante Legal Adriana Mar\u00eda Baum, en relaci\u00f3n a una denuncia de padres contra una docente que no habr\u00eda autorizado a acudir al ba\u00f1o a una alumna del primario, por lo cual, la misma se hizo pis encima. En este sentido, la Representante Legal del ISI se\u00f1al\u00f3 que, el d\u00eda viernes 6 de mayo del corriente, las clases del turno tarde se dictaron con total normalidad, finalizando la jornada a las 17:45 horas sin ning\u00fan tipo de incidentes y\/o reclamos y\/o quejas por parte de las alumnas ni de sus padres\/tutores. Tanto el equipo directivo como la maestra del tercer grado turno tarde, se vieron totalmente sorprendidas ante la noticia que circulaba por las redes sociales de que a una alumna se le habr\u00eda prohibido ir al ba\u00f1o y que la menor se habr\u00eda orinado en el aula. Ante esta situaci\u00f3n, el d\u00eda lunes 9 se habl\u00f3 con la maestra, quien inform\u00f3 que, durante la jornada del d\u00eda viernes, un grupo de ni\u00f1as solicitaron al mismo tiempo ir al ba\u00f1o, lo que provoc\u00f3 que se les diera permiso de manera gradual y ordenada, ya que se encontraban en horarios de clases, sin que hubiera ning\u00fan tipo de reclamo, y que sus alumnas se retiraron del establecimiento sin inconvenientes. Gialluca agreg\u00f3 que, el ISI ante esta situaci\u00f3n tom\u00f3 las siguientes medidas: * Dialogar con las partes, con la docente y en una segunda instancia con la familia; * Aclarado los hechos, se realizaron acuerdos con la familia, a fin de estrechar comunicaci\u00f3n por las v\u00edas que el Instituto determina, evitando el uso de las redes sociales para dar a conocer hechos que atentan contra la menor, las familias, la docente y la Instituci\u00f3n; * Se llev\u00f3 a cabo tambi\u00e9n una reuni\u00f3n de padres, el martes 10 de mayo a las 14:00 horas, a fin de brindarles un \u201cespacio de escucha\u201d para establecer acuerdos y medidas para trabajar mancomunadamente en beneficio de las ni\u00f1as en primer lugar, de las familias y de la Instituci\u00f3n; * Se establecieron algunas estrategias de revinculaci\u00f3n afectiva y emocional entre las ni\u00f1as y la docente, teniendo en cuenta que tras la publicaci\u00f3n en redes sociales de un hecho que, \u201cno fue tal como se public\u00f3\u201d, perjudic\u00f3 enormemente el prestigio profesional y humano de la docente y de la Instituci\u00f3n. El Ombudsman Provincial, se\u00f1al\u00f3 que, se viene trabajando coordinadamente con diversas \u00c1reas del Ministerio de Cultura y Educaci\u00f3n de la Provincia, \u201cpara evitar que se naturalice todo hecho que origine o potencie la violencia escolar\u201d y entender de una vez por todas el rol central que juegan en cada sociedad las familias, puesto que, est\u00e1 probado que el origen de la violencia escolar que puede manifestarse a trav\u00e9s de diversos aspectos, siempre se relaciona directa o indirectamente con una prexistencia de malos tratos o violencia en las familias y si las ni\u00f1as\/os observan agresividad por parte de sus padres o de mayores en su seno familiar, entonces actuar\u00e1n en consecuencia de modo similar en otros \u00e1mbitos dentro de los cuales se encuentra el educativo.<\/p>\n","protected":false},"excerpt":{"rendered":"<p>-Gialluca inform\u00f3 que, el ISI mediante su Representante Legal, inform\u00f3 que las noticias que circularon por las redes sociales de que a una alumna se le habr\u00eda prohibido ir al ba\u00f1o y que la menor se habr\u00eda orinado en el aula, no fue conforme a los hechos reales que se produjeron, por lo que, cre\u00e1ndose [&hellip;]<\/p>\n","protected":false},"author":1,"featured_media":13293,"comment_status":"closed","ping_status":"closed","sticky":false,"template":"","format":"standard","meta":{"footnotes":""},"categories":[18],"tags":[],"class_list":["post-13292","post","type-post","status-publish","format-standard","has-post-thumbnail","hentry","category-educacion"],"_links":{"self":[{"href":"https:\/\/defensoriaformosa.gob.ar\/index.php?rest_route=\/wp\/v2\/posts\/13292","targetHints":{"allow":["GET"]}}],"collection":[{"href":"https:\/\/defensoriaformosa.gob.ar\/index.php?rest_route=\/wp\/v2\/posts"}],"about":[{"href":"https:\/\/defensoriaformosa.gob.ar\/index.php?rest_route=\/wp\/v2\/types\/post"}],"author":[{"embeddable":true,"href":"https:\/\/defensoriaformosa.gob.ar\/index.php?rest_route=\/wp\/v2\/users\/1"}],"replies":[{"embeddable":true,"href":"https:\/\/defensoriaformosa.gob.ar\/index.php?rest_route=%2Fwp%2Fv2%2Fcomments&post=13292"}],"version-history":[{"count":1,"href":"https:\/\/defensoriaformosa.gob.ar\/index.php?rest_route=\/wp\/v2\/posts\/13292\/revisions"}],"predecessor-version":[{"id":13294,"href":"https:\/\/defensoriaformosa.gob.ar\/index.php?rest_route=\/wp\/v2\/posts\/13292\/revisions\/13294"}],"wp:featuredmedia":[{"embeddable":true,"href":"https:\/\/defensoriaformosa.gob.ar\/index.php?rest_route=\/wp\/v2\/media\/13293"}],"wp:attachment":[{"href":"https:\/\/defensoriaformosa.gob.ar\/index.php?rest_route=%2Fwp%2Fv2%2Fmedia&parent=13292"}],"wp:term":[{"taxonomy":"category","embeddable":true,"href":"https:\/\/defensoriaformosa.gob.ar\/index.php?rest_route=%2Fwp%2Fv2%2Fcategories&post=13292"},{"taxonomy":"post_tag","embeddable":true,"href":"https:\/\/defensoriaformosa.gob.ar\/index.php?rest_route=%2Fwp%2Fv2%2Ftags&post=13292"}],"curies":[{"name":"wp","href":"https:\/\/api.w.org\/{rel}","templated":true}]}}