{"id":13289,"date":"2022-05-16T18:13:06","date_gmt":"2022-05-16T21:13:06","guid":{"rendered":"https:\/\/defensoriaformosa.gob.ar\/?p=13289"},"modified":"2022-05-16T18:13:06","modified_gmt":"2022-05-16T21:13:06","slug":"la-defensoria-intimo-a-la-uta-seccional-formosa-designar-los-choferes-que-estan-obligados-a-garantizar-el-servicio-de-emergencia","status":"publish","type":"post","link":"https:\/\/defensoriaformosa.gob.ar\/?p=13289","title":{"rendered":"LA DEFENSORIA INTIMO A LA UTA SECCIONAL FORMOSA DESIGNAR LOS CHOFERES QUE ESTAN OBLIGADOS A GARANTIZAR EL SERVICIO DE EMERGENCIA"},"content":{"rendered":"<p>-Gialluca afirm\u00f3 que, ante la nueva medida de fuerza por 72 horas decretada por la UTA en todo el pa\u00eds, vamos a interponer todas las acciones necesarias para que los vecinos no se queden sin un servicio de emergencia y tambi\u00e9n hemos pedido al Ministro de Transporte de Naci\u00f3n que dicte las Resoluciones correspondientes que terminen con las asimetr\u00edas entre los abultados subsidios que Naci\u00f3n gira al AMBA y los escasos recursos que env\u00eda a las empresas del Norte Grande, siendo que hoy un boleto cuesta $16 en CABA y $60 en Formosa-<!--more--><\/p>\n<p>El Defensor del Pueblo de la Provincia de Formosa, Dr. Jos\u00e9 Leonardo Gialluca, intim\u00f3 este lunes 16 del corriente mes y a\u00f1o a la Uni\u00f3n Tranviaria del Automotor (UTA) Seccional Formosa a que, en el plazo de dos horas h\u00e1biles contados a partir de la recepci\u00f3n de la misma, \u201cprocedan a designar con nombres y apellidos los choferes que deber\u00e1n prestar el servicio de emergencia ante el paro anunciado desde el pr\u00f3ximo martes 17 del corriente mes y a\u00f1o por el plazo de 72 horas\u201d. Este pedido se fundamenta en las normativas vigentes y adem\u00e1s en lo resuelto por la Excma. C\u00e1mara de Apelaciones de la Ciudad de Formosa en lo Civil y Comercial en el Fallo N\u00ba 19.935 de fecha 14\/06\/2021, donde se estableci\u00f3 que en estos casos el Secretario General Diego F. Mendoza y toda la estructura de la UTA Seccional Formosa deben garantizar la continuidad de la prestaci\u00f3n del transporte p\u00fablico de pasajeros con regularidad de dos (2) horas entre una unidad y otra, en todo el recorrido de las l\u00edneas afectadas, conforme lo establece la Ordenanza N\u00ba 2143\/89, art. 24 de la Ley 25.877 y los arts. 7, 8, 9, 10 y ccdtes. del Decreto N\u00ba 272\/2006. Gialluca se\u00f1al\u00f3 que, como Organismo de la Constituci\u00f3n, no nos oponemos al Derecho a Huelga que posee raigambre constitucional (art. 14 bis CN), pero al mismo tiempo, debemos defender el derecho de todos los vecinos \u2013 usuarios del transporte p\u00fablico de pasajeros que en Formosa es brindado monop\u00f3licamente por la Empres Crucero del Sur Agrupaci\u00f3n, para que puedan cumplir con sus diversas obligaciones y no hacer caer \u201ctodo el peso negativo siempre en cabeza de los sectores m\u00e1s vulnerables\u201d. En este sentido, es que tambi\u00e9n hemos peticionado que de manera urgente el Ministro de Transporte Prof. Ra\u00fal Alexis Guerrera, adopte las medidas necesarias para hacer desaparecer de una vez por todas las enormes desigualdades y asimetr\u00edas entre los enormes subsidios que perciben las empresas de la Regi\u00f3n Central del Pa\u00eds y AMBA en relaci\u00f3n a los exiguos fondos que se giran a las Provincias del Norte Grande. Es inentendible que para los choferes de colectivos del AMBA se desembolsen cifras de $23 millones mensuales, sin embargo, para la totalidad de las firmas de transportes de pasajeros del resto del pa\u00eds, solo se giran subsidios por $ 3.500 millones. Es por ello que, necesitamos que el Ministerio de Transporte de Naci\u00f3n dicte las Resoluciones que establezcan una distribuci\u00f3n equitativa y federal de los subsidios para que de esta manera se alcance un Acuerdo y evitar que sea la gente quien nuevamente tenga que pagar los \u201cplatos rotos\u201d de esta falta de decisi\u00f3n pol\u00edtica y as\u00ed evitar otro paro m\u00e1s de colectivos.<\/p>\n","protected":false},"excerpt":{"rendered":"<p>-Gialluca afirm\u00f3 que, ante la nueva medida de fuerza por 72 horas decretada por la UTA en todo el pa\u00eds, vamos a interponer todas las acciones necesarias para que los vecinos no se queden sin un servicio de emergencia y tambi\u00e9n hemos pedido al Ministro de Transporte de Naci\u00f3n que dicte las Resoluciones correspondientes que [&hellip;]<\/p>\n","protected":false},"author":1,"featured_media":13290,"comment_status":"closed","ping_status":"closed","sticky":false,"template":"","format":"standard","meta":{"footnotes":""},"categories":[7],"tags":[],"class_list":["post-13289","post","type-post","status-publish","format-standard","has-post-thumbnail","hentry","category-seguridad-vial"],"_links":{"self":[{"href":"https:\/\/defensoriaformosa.gob.ar\/index.php?rest_route=\/wp\/v2\/posts\/13289","targetHints":{"allow":["GET"]}}],"collection":[{"href":"https:\/\/defensoriaformosa.gob.ar\/index.php?rest_route=\/wp\/v2\/posts"}],"about":[{"href":"https:\/\/defensoriaformosa.gob.ar\/index.php?rest_route=\/wp\/v2\/types\/post"}],"author":[{"embeddable":true,"href":"https:\/\/defensoriaformosa.gob.ar\/index.php?rest_route=\/wp\/v2\/users\/1"}],"replies":[{"embeddable":true,"href":"https:\/\/defensoriaformosa.gob.ar\/index.php?rest_route=%2Fwp%2Fv2%2Fcomments&post=13289"}],"version-history":[{"count":1,"href":"https:\/\/defensoriaformosa.gob.ar\/index.php?rest_route=\/wp\/v2\/posts\/13289\/revisions"}],"predecessor-version":[{"id":13291,"href":"https:\/\/defensoriaformosa.gob.ar\/index.php?rest_route=\/wp\/v2\/posts\/13289\/revisions\/13291"}],"wp:featuredmedia":[{"embeddable":true,"href":"https:\/\/defensoriaformosa.gob.ar\/index.php?rest_route=\/wp\/v2\/media\/13290"}],"wp:attachment":[{"href":"https:\/\/defensoriaformosa.gob.ar\/index.php?rest_route=%2Fwp%2Fv2%2Fmedia&parent=13289"}],"wp:term":[{"taxonomy":"category","embeddable":true,"href":"https:\/\/defensoriaformosa.gob.ar\/index.php?rest_route=%2Fwp%2Fv2%2Fcategories&post=13289"},{"taxonomy":"post_tag","embeddable":true,"href":"https:\/\/defensoriaformosa.gob.ar\/index.php?rest_route=%2Fwp%2Fv2%2Ftags&post=13289"}],"curies":[{"name":"wp","href":"https:\/\/api.w.org\/{rel}","templated":true}]}}