{"id":13267,"date":"2022-05-08T16:28:09","date_gmt":"2022-05-08T19:28:09","guid":{"rendered":"https:\/\/defensoriaformosa.gob.ar\/?p=13267"},"modified":"2022-05-08T16:28:09","modified_gmt":"2022-05-08T19:28:09","slug":"afirmaron-que-no-se-adeudan-horas-extras-a-los-trabajadores-del-hospital-distrital-de-las-lomitas","status":"publish","type":"post","link":"https:\/\/defensoriaformosa.gob.ar\/?p=13267","title":{"rendered":"AFIRMARON QUE NO SE ADEUDAN HORAS EXTRAS A LOS TRABAJADORES DEL HOSPITAL DISTRITAL DE LAS LOMITAS"},"content":{"rendered":"<p>La Defensor\u00eda del Pueblo notific\u00f3 formalmente a ATE Delegaci\u00f3n Formosa la documentaci\u00f3n remitida por la Direcci\u00f3n de Gesti\u00f3n de Personal del MDH-<!--more--><\/p>\n<p>El Defensor del Pueblo de la Provincia de Formosa, Dr. Jos\u00e9 Leonardo Gialluca, procedi\u00f3 a notificar formalmente a la Asociaci\u00f3n de Trabajadores del Estado (ATE) la documentaci\u00f3n enviada desde el Ministerio de Desarrollo Humano de la Provincia a cargo del Dr. An\u00edbal F. G\u00f3mez y que se encuentra suscripto por la Directora de Gesti\u00f3n de Personal Dra. Raquel Sosa y en donde se pone en conocimiento a los primeros nombrados, \u201csobre las denuncias p\u00fablicas efectuadas por la falta de pago de horas extras trabajadas en el Hospital Distrital de Las Lomitas\u201d. En tal sentido, se rechaz\u00f3 desde el Ministerio de Desarrollo Humano la existencia de irregularidades en el pago de guardias de los agentes pertenecientes del Hospital Distrital de Las Lomitas, se\u00f1al\u00e1ndose que, conforme los registros obrantes en la Direcci\u00f3n de Gesti\u00f3n de Personal, los mismos han sido abonados oportunamente y correctamente en cumplimiento por lo dispuesto por la Resoluci\u00f3n N\u00ba 1525\/14 Anexo 1 \u201cPautas de Procedimientos para la Programaci\u00f3n de Pagos de Guardias\u201d, conforme planillas y cronogramas documentadas y remitidos por el Hospital Distrital de Las Lomitas. Se ampli\u00f3 esta tem\u00e1tica informando que se viene dando cumplimiento al pago normal y mensual de las Guardias de todos los efectores de salud, en cumplimiento de las diversas pol\u00edticas p\u00fablicas que se implementan en todo el territorio provincial. El Ombudsman Provincial, solicit\u00f3 asimismo a ATE Delegaci\u00f3n Formosa, remita en su caso, nombres y apellidos de los agentes que seg\u00fan su denuncia p\u00fablica no se encontrar\u00edan recibiendo los pagos de horas extras trabajadas, de manera tal de llegar a deslindar cualquier responsabilidad sobre esta tem\u00e1tica, m\u00e1xime teniendo en cuenta que estamos incursionando en un campo como la de salud p\u00fablica que en los \u00faltimos meses viene, \u201cbrindando un servicio cada vez m\u00e1s amplio en todo sentido y especialmente a favor de aquellas franjas sociales que actualmente no poseen un trabajo fijo y aun as\u00ed en muchas especialidades, al haber dejado de atender el sector privado mediante obras social, son miles las personas que se vuelcan masivamente a los hospitales p\u00fablicos, centros de salud y otros efectores donde la atenci\u00f3n es gratuita y de una alta calidad profesional\u201d.<\/p>\n<p>&nbsp;<\/p>\n","protected":false},"excerpt":{"rendered":"<p>La Defensor\u00eda del Pueblo notific\u00f3 formalmente a ATE Delegaci\u00f3n Formosa la documentaci\u00f3n remitida por la Direcci\u00f3n de Gesti\u00f3n de Personal del MDH-<\/p>\n","protected":false},"author":1,"featured_media":13268,"comment_status":"closed","ping_status":"closed","sticky":false,"template":"","format":"standard","meta":{"footnotes":""},"categories":[1],"tags":[],"class_list":["post-13267","post","type-post","status-publish","format-standard","has-post-thumbnail","hentry","category-noticias"],"_links":{"self":[{"href":"https:\/\/defensoriaformosa.gob.ar\/index.php?rest_route=\/wp\/v2\/posts\/13267","targetHints":{"allow":["GET"]}}],"collection":[{"href":"https:\/\/defensoriaformosa.gob.ar\/index.php?rest_route=\/wp\/v2\/posts"}],"about":[{"href":"https:\/\/defensoriaformosa.gob.ar\/index.php?rest_route=\/wp\/v2\/types\/post"}],"author":[{"embeddable":true,"href":"https:\/\/defensoriaformosa.gob.ar\/index.php?rest_route=\/wp\/v2\/users\/1"}],"replies":[{"embeddable":true,"href":"https:\/\/defensoriaformosa.gob.ar\/index.php?rest_route=%2Fwp%2Fv2%2Fcomments&post=13267"}],"version-history":[{"count":1,"href":"https:\/\/defensoriaformosa.gob.ar\/index.php?rest_route=\/wp\/v2\/posts\/13267\/revisions"}],"predecessor-version":[{"id":13269,"href":"https:\/\/defensoriaformosa.gob.ar\/index.php?rest_route=\/wp\/v2\/posts\/13267\/revisions\/13269"}],"wp:featuredmedia":[{"embeddable":true,"href":"https:\/\/defensoriaformosa.gob.ar\/index.php?rest_route=\/wp\/v2\/media\/13268"}],"wp:attachment":[{"href":"https:\/\/defensoriaformosa.gob.ar\/index.php?rest_route=%2Fwp%2Fv2%2Fmedia&parent=13267"}],"wp:term":[{"taxonomy":"category","embeddable":true,"href":"https:\/\/defensoriaformosa.gob.ar\/index.php?rest_route=%2Fwp%2Fv2%2Fcategories&post=13267"},{"taxonomy":"post_tag","embeddable":true,"href":"https:\/\/defensoriaformosa.gob.ar\/index.php?rest_route=%2Fwp%2Fv2%2Ftags&post=13267"}],"curies":[{"name":"wp","href":"https:\/\/api.w.org\/{rel}","templated":true}]}}