{"id":13255,"date":"2022-05-05T20:26:52","date_gmt":"2022-05-05T23:26:52","guid":{"rendered":"https:\/\/defensoriaformosa.gob.ar\/?p=13255"},"modified":"2022-05-05T20:26:52","modified_gmt":"2022-05-05T23:26:52","slug":"levantamiento-del-corte-de-la-ruta-nacional-n-86","status":"publish","type":"post","link":"https:\/\/defensoriaformosa.gob.ar\/?p=13255","title":{"rendered":"LEVANTAMIENTO DEL CORTE DE LA RUTA NACIONAL N\u00b0 86"},"content":{"rendered":"<p>Pobladores de Port\u00f3n Negro reclamaban informaci\u00f3n respecto de la muerte de un joven ocurrido en esta capital-<!--more--><\/p>\n<p>Durante la jornada de ayer, la Defensor\u00eda del Pueblo de la Provincia, intervino ante la requisitoria que realizaba un grupo de familias de Port\u00f3n Negro, las cuales tomaron la determinaci\u00f3n de cortar el tr\u00e1nsito sobre la Ruta Nacional N\u00ba 86, reclamando informaci\u00f3n respecto de la muerte de ciudadano Luis Enrique Gavil\u00e1n (23), agente de la Polic\u00eda de la Provincia de Formosa, oriundo de la citada localidad, quien fuera encontrado sin vida por su compa\u00f1ero de departamento, el d\u00eda 30 de abril del corriente, con signos de haberse suicidado por ahorcamiento, habiendo dejado una nota referida a su luctuosa determinaci\u00f3n y luego de que, conforme a constancias policiales, en horas previas haya sufrido un accidente en la v\u00eda p\u00fablica en el cual result\u00f3 con lesiones. Hecho por el cual, conforme a los reglamentos de la Polic\u00eda Provincial, le corresponder\u00eda una severa sanci\u00f3n. En comunicaci\u00f3n con los familiares del fallecido, facilitada por la Gendarmer\u00eda Nacional, el Ombudsman Provincial, Dr. Jos\u00e9 Leonardo Gialluca, conjuntamente con el Secretario Letrado, Dr. Jos\u00e9 Porfirio Garc\u00eda, lograron un acercamiento con la hermana y el t\u00edo de Gavil\u00e1n, quienes relataron el dif\u00edcil momento por el que atraviesan y peticionaron la entrega de los objetos personales y la constancia de defunci\u00f3n pertinente. Por su parte, los funcionarios recabaron los informes correspondientes y r\u00e1pidamente determinaron con las constancias correspondientes la existencia de un acta contravencional labrada en horas previas al deceso del joven por parte de la Comisar\u00eda del B\u00ba Colluccio, que daba cuenta del accidente en el que intervino, as\u00ed como de la documentaci\u00f3n que acreditaba la entrega del cuerpo, pertenencias personales y partida de defunci\u00f3n del mismo. Asimismo, se tom\u00f3 conocimiento de un Sumario Judicial, dando detallada cuenta de los hechos acaecidos en aquella fat\u00eddica jornada y se ofreci\u00f3 a los familiares de Gavil\u00e1n, la gesti\u00f3n para una entrevista con el fiscal y de ser necesario el magistrado penal interviniente en la investigaci\u00f3n del hecho a lo cual, en principio, no accedieron. En primeras horas de la tarde, las personas que se hallaban en el lugar del corte decidieron retirarse remarc\u00e1ndose desde el Organismo de la Constituci\u00f3n, la puesta a disposici\u00f3n de la familia del fallecido para el conocimiento de todo tipo de hecho que rodeara a la muerte del joven, as\u00ed como del pertinente procedimiento que lleva adelante la justicia ordinaria para el total esclarecimiento del mismo.<\/p>\n<p>&nbsp;<\/p>\n","protected":false},"excerpt":{"rendered":"<p>Pobladores de Port\u00f3n Negro reclamaban informaci\u00f3n respecto de la muerte de un joven ocurrido en esta capital-<\/p>\n","protected":false},"author":1,"featured_media":13256,"comment_status":"closed","ping_status":"closed","sticky":false,"template":"","format":"standard","meta":{"footnotes":""},"categories":[7],"tags":[],"class_list":["post-13255","post","type-post","status-publish","format-standard","has-post-thumbnail","hentry","category-seguridad-vial"],"_links":{"self":[{"href":"https:\/\/defensoriaformosa.gob.ar\/index.php?rest_route=\/wp\/v2\/posts\/13255","targetHints":{"allow":["GET"]}}],"collection":[{"href":"https:\/\/defensoriaformosa.gob.ar\/index.php?rest_route=\/wp\/v2\/posts"}],"about":[{"href":"https:\/\/defensoriaformosa.gob.ar\/index.php?rest_route=\/wp\/v2\/types\/post"}],"author":[{"embeddable":true,"href":"https:\/\/defensoriaformosa.gob.ar\/index.php?rest_route=\/wp\/v2\/users\/1"}],"replies":[{"embeddable":true,"href":"https:\/\/defensoriaformosa.gob.ar\/index.php?rest_route=%2Fwp%2Fv2%2Fcomments&post=13255"}],"version-history":[{"count":1,"href":"https:\/\/defensoriaformosa.gob.ar\/index.php?rest_route=\/wp\/v2\/posts\/13255\/revisions"}],"predecessor-version":[{"id":13257,"href":"https:\/\/defensoriaformosa.gob.ar\/index.php?rest_route=\/wp\/v2\/posts\/13255\/revisions\/13257"}],"wp:featuredmedia":[{"embeddable":true,"href":"https:\/\/defensoriaformosa.gob.ar\/index.php?rest_route=\/wp\/v2\/media\/13256"}],"wp:attachment":[{"href":"https:\/\/defensoriaformosa.gob.ar\/index.php?rest_route=%2Fwp%2Fv2%2Fmedia&parent=13255"}],"wp:term":[{"taxonomy":"category","embeddable":true,"href":"https:\/\/defensoriaformosa.gob.ar\/index.php?rest_route=%2Fwp%2Fv2%2Fcategories&post=13255"},{"taxonomy":"post_tag","embeddable":true,"href":"https:\/\/defensoriaformosa.gob.ar\/index.php?rest_route=%2Fwp%2Fv2%2Ftags&post=13255"}],"curies":[{"name":"wp","href":"https:\/\/api.w.org\/{rel}","templated":true}]}}