{"id":13246,"date":"2022-05-03T17:29:40","date_gmt":"2022-05-03T20:29:40","guid":{"rendered":"https:\/\/defensoriaformosa.gob.ar\/?p=13246"},"modified":"2022-05-03T17:29:40","modified_gmt":"2022-05-03T20:29:40","slug":"participacion-en-las-audiencias-publicas-para-eliminar-subsidios-y-segmentar-tarifas-de-energia-electrica-y-gas","status":"publish","type":"post","link":"https:\/\/defensoriaformosa.gob.ar\/?p=13246","title":{"rendered":"PARTICIPACION EN LAS AUDIENCIAS PUBLICAS PARA ELIMINAR SUBSIDIOS Y SEGMENTAR TARIFAS DE ENERGIA ELECTRICA Y GAS"},"content":{"rendered":"<p>Gialluca se\u00f1al\u00f3 que, trabajamos en diversas propuestas que se oponen a las pretensiones de las empresas que buscan financiarse exclusivamente de los pagos que realizan los usuarios, sin invertir lo que corresponde y brindando servicios deficientes, por lo cual, llamamos a participar de las mismas, \u201cpues no vamos a apoyar incrementos tarifarios que impliquen que la gente luego tenga que dejar de comer o comprar un medicamento, porque tiene que pagar una factura de un servicio p\u00fablico\u201d. El Funcionario Provincial, reflexion\u00f3 que, \u201cpara ayudar realmente a la gente, se debe participar en estas Audiencias P\u00fablicas, haciendo propuestas y pedidos a las Autoridades Competentes, ya que, sorteando sueldos o prometiendo pagar algunas facturas de energ\u00eda, no se establecen las bases suficientes para servicios que son indispensables a cualquier grupo familiar\u201d-<\/p>\n<p><!--more--><\/p>\n<p>El Defensor del Pueblo de la Provincia de Formosa, Dr. Jos\u00e9 Leonardo Gialluca, se\u00f1al\u00f3 que, la Defensor\u00eda del Pueblo participar\u00e1 el pr\u00f3ximo miercoles y jueves de las -Audiencias P\u00fablicas- convocadas por la Secretar\u00eda de Energ\u00eda de Naci\u00f3n y en las que se abordar\u00e1n, las tem\u00e1ticas de aumentos en las tarifas de energ\u00eda el\u00e9ctrica y gas, as\u00ed como quita de subsidios o segmentaciones. En un contexto de inflaci\u00f3n cada vez m\u00e1s acelerada y que golpea fuertemente el bolsillo de los trabajadores en general, desde el Organismo de la Constituci\u00f3n se adelant\u00f3 que, pediremos que ciertas franjas y usuarios queden totalmente excluidos de todo tipo de aumento, entre ellos: * Las personas que vivan dentro de barrios identificados por el Renabap (Registro Nacional de Barrios Populares). * Jubilados o pensionados o trabajadores en relaci\u00f3n de dependencia que perciban una remuneraci\u00f3n bruta menor o igual a 2 Salarios M\u00ednimos Vitales y M\u00f3viles. *Monotributistas inscriptos en una categor\u00eda cuyo ingreso anual mensualizado no supere en 2 veces el Salario M\u00ednimo Vital y M\u00f3vil. * Beneficiarios de pensiones no contributivas que perciban ingresos mensuales brutos no superiores a 2 veces el Salario M\u00ednimo Vital y M\u00f3vil. * Los titulares de programas sociales, trabajadores inscriptos en el R\u00e9gimen de Monotributo Social. * Trabajadoras\/es incorporadas\/os en el R\u00e9gimen Especial de Seguridad Social para Empleados del Servicio Dom\u00e9stico. * Titulares de alg\u00fan seguro de desempleo. *Titulares de Pensiones Vitalicias. * Veteranos de Guerra de Malvinas o del Atl\u00e1ntico Sur. * Titulares de certificados de discapacidad. Obviamente que, en todos estos casos, quedar\u00e1n excluidos quienes sean propietario de 2 o m\u00e1s inmuebles, de un veh\u00edculo de hasta 10 a\u00f1os de antig\u00fcedad (excepto los titulares de alg\u00fan certificado de discapacidad) y quienes tengan m\u00e1s de un suministro bajo su titularidad. Todos estos sectores reconocidos como los de menores ingresos, no deben tener aumentos en lo que resta del a\u00f1o. Por otra parte, se encuentran aquellos usuarios que son los de -mayores ingresos- y que son considerados como un 10% de los m\u00e1s ricos del pa\u00eds y que por lo tanto poseen ingresos de unos 300 mil pesos o m\u00e1s mensuales, lo que equivale a 3 o m\u00e1s canastas b\u00e1sicas totales, a los que tengan m\u00e1s de 3 propiedades a su nombre, o 3 veh\u00edculos con menos de 5 a\u00f1os de antig\u00fcedad, aviones o embarcaciones de lujo, a quienes se eliminar\u00e1 todo tipo de subsidio y pagar\u00e1n una tarifa plena por ser los sectores m\u00e1s pudientes. En tanto queda un -tercer grupo de usuarios-, que seguramente se va a determinar por descarte, esto es por no estar ni en el primero ni en el de los m\u00e1s altos recursos y es aqu\u00ed donde este es el sector m\u00e1s numeroso, donde desde la Defensor\u00eda del Pueblo nos opondremos a los aumentos que soliciten las empresas y en esto es fundamental el rol de decisi\u00f3n que tendr\u00e1 la Secretar\u00eda de Energ\u00eda de Naci\u00f3n y el ENRE para que cualquier porcentaje de incremento que se llegase a autorizar, sea razonable y no implique una confiscaci\u00f3n de los ingresos de la denominada \u201cclase media\u201d que en los \u00faltimos tiempos viene siendo tan golpeada en argentina, que ha quedado pr\u00e1cticamente \u201cdesdibujada\u201d frente a la incontrolable inflaci\u00f3n, junto a los permanentes aumentos de alimentos, medicamentos, servicios p\u00fablicos y devaluaci\u00f3n incesante del peso argentino.<\/p>\n<p>&nbsp;<\/p>\n","protected":false},"excerpt":{"rendered":"<p>Gialluca se\u00f1al\u00f3 que, trabajamos en diversas propuestas que se oponen a las pretensiones de las empresas que buscan financiarse exclusivamente de los pagos que realizan los usuarios, sin invertir lo que corresponde y brindando servicios deficientes, por lo cual, llamamos a participar de las mismas, \u201cpues no vamos a apoyar incrementos tarifarios que impliquen que [&hellip;]<\/p>\n","protected":false},"author":1,"featured_media":13248,"comment_status":"closed","ping_status":"closed","sticky":false,"template":"","format":"standard","meta":{"footnotes":""},"categories":[1,3],"tags":[],"class_list":["post-13246","post","type-post","status-publish","format-standard","has-post-thumbnail","hentry","category-noticias","category-defensa-de-los-derechos-del-usuario-consumidor-contribuyentes"],"_links":{"self":[{"href":"https:\/\/defensoriaformosa.gob.ar\/index.php?rest_route=\/wp\/v2\/posts\/13246","targetHints":{"allow":["GET"]}}],"collection":[{"href":"https:\/\/defensoriaformosa.gob.ar\/index.php?rest_route=\/wp\/v2\/posts"}],"about":[{"href":"https:\/\/defensoriaformosa.gob.ar\/index.php?rest_route=\/wp\/v2\/types\/post"}],"author":[{"embeddable":true,"href":"https:\/\/defensoriaformosa.gob.ar\/index.php?rest_route=\/wp\/v2\/users\/1"}],"replies":[{"embeddable":true,"href":"https:\/\/defensoriaformosa.gob.ar\/index.php?rest_route=%2Fwp%2Fv2%2Fcomments&post=13246"}],"version-history":[{"count":1,"href":"https:\/\/defensoriaformosa.gob.ar\/index.php?rest_route=\/wp\/v2\/posts\/13246\/revisions"}],"predecessor-version":[{"id":13249,"href":"https:\/\/defensoriaformosa.gob.ar\/index.php?rest_route=\/wp\/v2\/posts\/13246\/revisions\/13249"}],"wp:featuredmedia":[{"embeddable":true,"href":"https:\/\/defensoriaformosa.gob.ar\/index.php?rest_route=\/wp\/v2\/media\/13248"}],"wp:attachment":[{"href":"https:\/\/defensoriaformosa.gob.ar\/index.php?rest_route=%2Fwp%2Fv2%2Fmedia&parent=13246"}],"wp:term":[{"taxonomy":"category","embeddable":true,"href":"https:\/\/defensoriaformosa.gob.ar\/index.php?rest_route=%2Fwp%2Fv2%2Fcategories&post=13246"},{"taxonomy":"post_tag","embeddable":true,"href":"https:\/\/defensoriaformosa.gob.ar\/index.php?rest_route=%2Fwp%2Fv2%2Ftags&post=13246"}],"curies":[{"name":"wp","href":"https:\/\/api.w.org\/{rel}","templated":true}]}}