{"id":13240,"date":"2022-04-28T17:15:56","date_gmt":"2022-04-28T20:15:56","guid":{"rendered":"https:\/\/defensoriaformosa.gob.ar\/?p=13240"},"modified":"2022-04-28T17:15:56","modified_gmt":"2022-04-28T20:15:56","slug":"vecinos-del-barrio-sargento-primero-pablo-rivarola-o-conocido-como-pueblo-de-dios-mantuvieron-una-reunion-de-trabajo-en-la-defensoria","status":"publish","type":"post","link":"https:\/\/defensoriaformosa.gob.ar\/?p=13240","title":{"rendered":"VECINOS DEL BARRIO SARGENTO PRIMERO PABLO RIVAROLA O CONOCIDO COMO PUEBLO DE DIOS MANTUVIERON UNA REUNION DE TRABAJO EN LA DEFENSORIA"},"content":{"rendered":"<p>El Defensor del Pueblo de la Provincia de Formosa, Dr. Jos\u00e9 Leonardo Gialluca, acompa\u00f1ado de los Asesores Letrados Mar\u00eda Trinidad y Leonardo R. Pose, recibieron a vecinos del Barrio Don Sargento Primero Pablo Rivarola o Lote Rural 221, tambi\u00e9n conocido informalmente como \u201cBarrio Pueblo de Dios\u201d: Sr Andr\u00e9s Aveiro, Tom\u00e1s Sosa y la docente Sra. Carolina Cabral de la EPEP N\u00b05 -Teobaldo Pedrozo-.<\/p>\n<p><!--more--><\/p>\n<p>Los mismos expresaron la necesidad de un acompa\u00f1amiento Institucional para obtener soluciones a reclamos que se relacionan con el mal estado del camino de la Avenida Los Pumas en un tramo de 4 kil\u00f3metros de distancia aproximadamente, desde el Barrio La Nueva Formosa donde termina el enripiado -a partir de la primera alcantarilla- y desde donde se encuentra intransitable, debido a la acumulaci\u00f3n de agua de lluvia proveniente del desborde del riacho San Hilario. Por dicho trayecto circulan vecinos de los diferentes barrios (Lote 221, Lote 222 y Mar\u00eda Auxiliadora) que se dirigen al centro de la ciudad y vuelven a sus hogares constantemente, a\u00f1aden que, en ocasiones, debieron trasladar a personas enfermas en tractores y acoplados. En la zona, habitan actualmente unas 271 personas, provenientes de 70 familias entre ni\u00f1as\/os, adultos, personas discapacitadas, con problemas de salud que necesitan permanentemente una v\u00eda r\u00e1pida y segura para ser trasladados a los hospitales p\u00fablicos o centros de salud en caso de emergencias. Asimismo, manifiestan que la EPEP N\u00b0 5 cuenta con un comedor comunitario que se le presentan problemas para ir a buscar las mercader\u00edas para su abastecimiento. A su turno, la docente Carolina Cabral expresa que en su asistencia cotidiana para ense\u00f1ar debe atravesar el camino con el agua que, muchas veces, sobrepasa los tobillos; esto tambi\u00e9n perjudica a los alumnos que viven en zonas distantes y que no pueden asistir a clases. Por su parte, Andr\u00e9s Aveiro afirma que el trayecto posee tubos peque\u00f1os que terminan siendo insuficientes para que corra el agua de lluvia. Por esto, peticionan que se realice el mejoramiento del camino citado mediante la colocaci\u00f3n de tubos m\u00e1s grandes para evitar el desborde del agua, adem\u00e1s del relleno, compactado y enripiado. En este sentido, hacen entrega al Defensor del Pueblo, de una carpeta con todas las notas iniciadas, proyectos y relevamientos sobre el caso. Agrega, adem\u00e1s, que el barrio estuvo fuera del ejido municipal hasta 2014, a\u00f1o en el que fueron incluidos, por lo que los vecinos pagan actualmente tasas municipales y tienen derechos a trabajos de mantenimientos apropiados. Respecto del agua potable, Aveiro expresa que los vecinos poseen una cisterna comunitaria de 100 mil litros y otras que son individuales, ubicadas en diferentes domicilios, por lo que solicitaron que el SPAP los asista con mayor frecuencia y de esta manera poder disponer de agua potable. Por otro lado, requieren adem\u00e1s una soluci\u00f3n de REFSA, atento que solamente existe un solo transformador de 96 kw que comparten con el Barrio Mar\u00eda Auxiliadora. Ante las problem\u00e1ticas planteadas, el Ombudsman Provincial, les expres\u00f3 que se realizar\u00e1n las gestiones y acciones necesarias para que dentro de los plazos razonables se otorguen respuestas a sus necesidades desde las \u00c1reas Competentes.<\/p>\n","protected":false},"excerpt":{"rendered":"<p>El Defensor del Pueblo de la Provincia de Formosa, Dr. Jos\u00e9 Leonardo Gialluca, acompa\u00f1ado de los Asesores Letrados Mar\u00eda Trinidad y Leonardo R. Pose, recibieron a vecinos del Barrio Don Sargento Primero Pablo Rivarola o Lote Rural 221, tambi\u00e9n conocido informalmente como \u201cBarrio Pueblo de Dios\u201d: Sr Andr\u00e9s Aveiro, Tom\u00e1s Sosa y la docente Sra. [&hellip;]<\/p>\n","protected":false},"author":1,"featured_media":13241,"comment_status":"closed","ping_status":"closed","sticky":false,"template":"","format":"standard","meta":{"footnotes":""},"categories":[1],"tags":[],"class_list":["post-13240","post","type-post","status-publish","format-standard","has-post-thumbnail","hentry","category-noticias"],"_links":{"self":[{"href":"https:\/\/defensoriaformosa.gob.ar\/index.php?rest_route=\/wp\/v2\/posts\/13240","targetHints":{"allow":["GET"]}}],"collection":[{"href":"https:\/\/defensoriaformosa.gob.ar\/index.php?rest_route=\/wp\/v2\/posts"}],"about":[{"href":"https:\/\/defensoriaformosa.gob.ar\/index.php?rest_route=\/wp\/v2\/types\/post"}],"author":[{"embeddable":true,"href":"https:\/\/defensoriaformosa.gob.ar\/index.php?rest_route=\/wp\/v2\/users\/1"}],"replies":[{"embeddable":true,"href":"https:\/\/defensoriaformosa.gob.ar\/index.php?rest_route=%2Fwp%2Fv2%2Fcomments&post=13240"}],"version-history":[{"count":1,"href":"https:\/\/defensoriaformosa.gob.ar\/index.php?rest_route=\/wp\/v2\/posts\/13240\/revisions"}],"predecessor-version":[{"id":13242,"href":"https:\/\/defensoriaformosa.gob.ar\/index.php?rest_route=\/wp\/v2\/posts\/13240\/revisions\/13242"}],"wp:featuredmedia":[{"embeddable":true,"href":"https:\/\/defensoriaformosa.gob.ar\/index.php?rest_route=\/wp\/v2\/media\/13241"}],"wp:attachment":[{"href":"https:\/\/defensoriaformosa.gob.ar\/index.php?rest_route=%2Fwp%2Fv2%2Fmedia&parent=13240"}],"wp:term":[{"taxonomy":"category","embeddable":true,"href":"https:\/\/defensoriaformosa.gob.ar\/index.php?rest_route=%2Fwp%2Fv2%2Fcategories&post=13240"},{"taxonomy":"post_tag","embeddable":true,"href":"https:\/\/defensoriaformosa.gob.ar\/index.php?rest_route=%2Fwp%2Fv2%2Ftags&post=13240"}],"curies":[{"name":"wp","href":"https:\/\/api.w.org\/{rel}","templated":true}]}}