{"id":13228,"date":"2022-04-26T19:11:20","date_gmt":"2022-04-26T22:11:20","guid":{"rendered":"https:\/\/defensoriaformosa.gob.ar\/?p=13228"},"modified":"2022-04-27T19:11:54","modified_gmt":"2022-04-27T22:11:54","slug":"se-reanudo-este-martes-al-mediodia-el-servicio-de-transporte-urbano-de-pasajeros-en-la-ciudad-capital","status":"publish","type":"post","link":"https:\/\/defensoriaformosa.gob.ar\/?p=13228","title":{"rendered":"SE REANUD\u00d3 ESTE MARTES AL MEDIODIA EL SERVICIO DE TRANSPORTE URBANO DE PASAJEROS EN LA CIUDAD CAPITAL"},"content":{"rendered":"<p>Gialluca afirm\u00f3 que, esperamos que entre las partes en conflicto se arribe a un Acuerdo definitivo de manera tal que los choferes del interior tengan el mismo incremento salarial acordado con los del AMBA, de esta manera, no existir\u00e1n marcadas asimetr\u00edas entre los salarios que se pagan en las provincias por el mismo trabajo de aquellos que brindan servicios en el \u00c1rea Metropolitana-<\/p>\n<p style=\"padding-left: 40px;\"><!--more--><\/p>\n<p>Tras demandas judiciales interpuestas desde la Defensor\u00eda del Pueblo y por la Empresa Crucero del Sur, se emiti\u00f3 un fallo judicial que, Intim\u00f3 a la Uni\u00f3n Tranviarios Automotor (UTA) Seccional Formosa a remitir de manera urgente la n\u00f3mina de choferes que prestar\u00edan el servicio p\u00fablico de transporte en la Ciudad Capital de Formosa. Inter\u00edn la Central Obrera decidi\u00f3 acatar la Conciliaci\u00f3n Obligatoria resuelta por el Ministerio de Trabajo de la Naci\u00f3n a la cual, en principio, pretendi\u00f3 desconocer. En consecuencia, cuanto menos por el t\u00e9rmino de diez d\u00edas h\u00e1biles gremios, empresarios y Autoridades Competentes deber\u00e1n continuar con las negociaciones salariales tendientes a encontrar un acuerdo de fondo. Sobre este particular el Defensor del Pueblo de la Provincia, Dr. Jos\u00e9 Leonardo Gialluca, expres\u00f3: \u201cEsperamos que en los pr\u00f3ximos d\u00edas pueda llegarse a un acuerdo entre la UTA y los sectores empresarios vinculados al transporte. Por nuestra parte si bien reconocemos la existencia de los derechos de los trabajadores a exigir determinadas condiciones vinculadas a sus ingresos, no podemos desconocer el derecho que asiste a la universalidad de usuarios del transporte p\u00fablico de pasajeros de poder contar con el mismo de manera ininterrumpida, dado que se trata de un servicio esencial, con el cual est\u00e1n vinculados un sinn\u00famero de actividades socioecon\u00f3micas de nuestra comunidad. Por esto, hemos accionado judicialmente para que el juez en lo Civil y Comercial N\u00ba 4, de la Primera Circunscripci\u00f3n Judicial de la Provincia, opere un reconocimiento de la obligatoriedad que cabe al gremio de prestar un servicio m\u00ednimo de emergencia en caso de paros, en cumplimiento de las normativas vigentes. En una hip\u00f3tesis de m\u00e1xima se ha suspendido la medida y hoy el servicio de transporte p\u00fablico en la Ciudad Capital se presta con normalidad desde las 13:00 horas aproximadamente del martes 26 de abril del corriente a\u00f1o y esperamos que contin\u00fae e igual manera en adelante.-<\/p>\n<p style=\"padding-left: 40px;\">\n","protected":false},"excerpt":{"rendered":"<p>Gialluca afirm\u00f3 que, esperamos que entre las partes en conflicto se arribe a un Acuerdo definitivo de manera tal que los choferes del interior tengan el mismo incremento salarial acordado con los del AMBA, de esta manera, no existir\u00e1n marcadas asimetr\u00edas entre los salarios que se pagan en las provincias por el mismo trabajo de [&hellip;]<\/p>\n","protected":false},"author":1,"featured_media":13229,"comment_status":"closed","ping_status":"closed","sticky":false,"template":"","format":"standard","meta":{"footnotes":""},"categories":[1,15,3],"tags":[],"class_list":["post-13228","post","type-post","status-publish","format-standard","has-post-thumbnail","hentry","category-noticias","category-servicios","category-defensa-de-los-derechos-del-usuario-consumidor-contribuyentes"],"_links":{"self":[{"href":"https:\/\/defensoriaformosa.gob.ar\/index.php?rest_route=\/wp\/v2\/posts\/13228","targetHints":{"allow":["GET"]}}],"collection":[{"href":"https:\/\/defensoriaformosa.gob.ar\/index.php?rest_route=\/wp\/v2\/posts"}],"about":[{"href":"https:\/\/defensoriaformosa.gob.ar\/index.php?rest_route=\/wp\/v2\/types\/post"}],"author":[{"embeddable":true,"href":"https:\/\/defensoriaformosa.gob.ar\/index.php?rest_route=\/wp\/v2\/users\/1"}],"replies":[{"embeddable":true,"href":"https:\/\/defensoriaformosa.gob.ar\/index.php?rest_route=%2Fwp%2Fv2%2Fcomments&post=13228"}],"version-history":[{"count":1,"href":"https:\/\/defensoriaformosa.gob.ar\/index.php?rest_route=\/wp\/v2\/posts\/13228\/revisions"}],"predecessor-version":[{"id":13230,"href":"https:\/\/defensoriaformosa.gob.ar\/index.php?rest_route=\/wp\/v2\/posts\/13228\/revisions\/13230"}],"wp:featuredmedia":[{"embeddable":true,"href":"https:\/\/defensoriaformosa.gob.ar\/index.php?rest_route=\/wp\/v2\/media\/13229"}],"wp:attachment":[{"href":"https:\/\/defensoriaformosa.gob.ar\/index.php?rest_route=%2Fwp%2Fv2%2Fmedia&parent=13228"}],"wp:term":[{"taxonomy":"category","embeddable":true,"href":"https:\/\/defensoriaformosa.gob.ar\/index.php?rest_route=%2Fwp%2Fv2%2Fcategories&post=13228"},{"taxonomy":"post_tag","embeddable":true,"href":"https:\/\/defensoriaformosa.gob.ar\/index.php?rest_route=%2Fwp%2Fv2%2Ftags&post=13228"}],"curies":[{"name":"wp","href":"https:\/\/api.w.org\/{rel}","templated":true}]}}