{"id":13215,"date":"2022-04-25T20:40:35","date_gmt":"2022-04-25T23:40:35","guid":{"rendered":"https:\/\/defensoriaformosa.gob.ar\/?p=13215"},"modified":"2022-04-25T20:40:35","modified_gmt":"2022-04-25T23:40:35","slug":"se-levanto-el-paro-de-transporte-y-los-usuarios-tienen-asegurado-el-servicio","status":"publish","type":"post","link":"https:\/\/defensoriaformosa.gob.ar\/?p=13215","title":{"rendered":"SE LEVANTO EL PARO DE TRANSPORTE Y LOS USUARIOS TIENEN ASEGURADO EL SERVICIO"},"content":{"rendered":"<p>El Defensor del Pueblo de la Provincia de Formosa, Dr. Jos\u00e9 Leonardo Gialluca, inform\u00f3 que, se notific\u00f3 formalmente al Secretario General de Uni\u00f3n Tranviario Automotor (UTA) Seccional Formosa a cargo del Se\u00f1or Diego Mendoza de la Disposici\u00f3n de Fecha 25 de abril del corriente a\u00f1o, dictada por la Directora Nacional de Relaciones y Regulaciones del Trabajo, Gabriela Marcello del Ministerio de Trabajo, Empleo y Seguridad Social y por la cual se ha declarado la Conciliaci\u00f3n Obligatoria en el conflicto de la Uni\u00f3n Tranviarios Automotor (UTA) y las Empresas nucleadas en la Federaci\u00f3n Argentina de Transporte por Automotor y Pasajeros (FATAP), con vigencia a partir de las 00:00 horas de este lunes 26 de abril, por 10 d\u00edas y prorrogables en caso de que las partes no lleguen a un Acuerdo.<\/p>\n<p><!--more--><\/p>\n<p>Tambi\u00e9n llam\u00f3 a una audiencia entre las partes para el jueves 29 de abril a las 12:00 a trav\u00e9s de una plataforma virtual. De esta manera se levant\u00f3, al menos temporalmente, el paro de transportes y al mismo tiempo, el Ministerio intima a la parte empresarial a abstenerse de tomar represalias de cualquier tipo con el personal representado por la organizaci\u00f3n sindical, en relaci\u00f3n al conflicto planteado. El conflicto surgi\u00f3 a partir de la exigencia del sindicato de una recomposici\u00f3n salarial para equiparar los aumentos a la evoluci\u00f3n de la inflaci\u00f3n y frente a ello amenaz\u00f3 con realizar un paro de actividades, si sus demandas no son satisfechas. El enfrentamiento ven\u00eda remontando en los \u00faltimos tiempos y se plasm\u00f3 en un Comunicado de la UTA, en la que la entidad gremial acus\u00f3 a las c\u00e1maras patronales de \u00abno darnos respuesta a los pedidos salariales, como tampoco a estar incluidos en un plan de vacunaci\u00f3n contra el COVID-19, tanto para los trabajadores del \u00c1rea Metropolitana de Buenos Aires como para los del Interior del pa\u00eds\u00bb. Gialluca se\u00f1al\u00f3 que, tenemos \u201cuna Acci\u00f3n Judicial preparada y que no se presentar\u00e1 por ahora, frente al dictado de esta Conciliaci\u00f3n Obligatoria, pero estaremos siguiendo y fiscalizando la normal prestaci\u00f3n del transporte p\u00fablico de pasajeros por parte de la Empresa Crucero del Sur Agrupaci\u00f3n en todas sus l\u00edneas y con el n\u00famero de veh\u00edculos que est\u00e1 obligada a poner en funcionamiento, pues, los usuarios son siempre nuestra prioridad y no pueden quedarse sin un servicio p\u00fablico esencial que al no brindarse les ocasiona siempre graves perjuicios econ\u00f3micos y sociales\u201d.<\/p>\n<p>&nbsp;<\/p>\n<p>Se adjunta fotograf\u00eda. &#8211;<\/p>\n","protected":false},"excerpt":{"rendered":"<p>El Defensor del Pueblo de la Provincia de Formosa, Dr. Jos\u00e9 Leonardo Gialluca, inform\u00f3 que, se notific\u00f3 formalmente al Secretario General de Uni\u00f3n Tranviario Automotor (UTA) Seccional Formosa a cargo del Se\u00f1or Diego Mendoza de la Disposici\u00f3n de Fecha 25 de abril del corriente a\u00f1o, dictada por la Directora Nacional de Relaciones y Regulaciones del [&hellip;]<\/p>\n","protected":false},"author":1,"featured_media":13216,"comment_status":"closed","ping_status":"closed","sticky":false,"template":"","format":"standard","meta":{"footnotes":""},"categories":[15,3],"tags":[],"class_list":["post-13215","post","type-post","status-publish","format-standard","has-post-thumbnail","hentry","category-servicios","category-defensa-de-los-derechos-del-usuario-consumidor-contribuyentes"],"_links":{"self":[{"href":"https:\/\/defensoriaformosa.gob.ar\/index.php?rest_route=\/wp\/v2\/posts\/13215","targetHints":{"allow":["GET"]}}],"collection":[{"href":"https:\/\/defensoriaformosa.gob.ar\/index.php?rest_route=\/wp\/v2\/posts"}],"about":[{"href":"https:\/\/defensoriaformosa.gob.ar\/index.php?rest_route=\/wp\/v2\/types\/post"}],"author":[{"embeddable":true,"href":"https:\/\/defensoriaformosa.gob.ar\/index.php?rest_route=\/wp\/v2\/users\/1"}],"replies":[{"embeddable":true,"href":"https:\/\/defensoriaformosa.gob.ar\/index.php?rest_route=%2Fwp%2Fv2%2Fcomments&post=13215"}],"version-history":[{"count":1,"href":"https:\/\/defensoriaformosa.gob.ar\/index.php?rest_route=\/wp\/v2\/posts\/13215\/revisions"}],"predecessor-version":[{"id":13217,"href":"https:\/\/defensoriaformosa.gob.ar\/index.php?rest_route=\/wp\/v2\/posts\/13215\/revisions\/13217"}],"wp:featuredmedia":[{"embeddable":true,"href":"https:\/\/defensoriaformosa.gob.ar\/index.php?rest_route=\/wp\/v2\/media\/13216"}],"wp:attachment":[{"href":"https:\/\/defensoriaformosa.gob.ar\/index.php?rest_route=%2Fwp%2Fv2%2Fmedia&parent=13215"}],"wp:term":[{"taxonomy":"category","embeddable":true,"href":"https:\/\/defensoriaformosa.gob.ar\/index.php?rest_route=%2Fwp%2Fv2%2Fcategories&post=13215"},{"taxonomy":"post_tag","embeddable":true,"href":"https:\/\/defensoriaformosa.gob.ar\/index.php?rest_route=%2Fwp%2Fv2%2Ftags&post=13215"}],"curies":[{"name":"wp","href":"https:\/\/api.w.org\/{rel}","templated":true}]}}