{"id":13209,"date":"2022-04-23T18:52:17","date_gmt":"2022-04-23T21:52:17","guid":{"rendered":"https:\/\/defensoriaformosa.gob.ar\/?p=13209"},"modified":"2022-04-23T18:52:17","modified_gmt":"2022-04-23T21:52:17","slug":"en-la-actual-situacion-inflacionaria-rechazaron-los-aumentos-del-gas-envasado-y-de-las-tarifas-de-energia-electrica","status":"publish","type":"post","link":"https:\/\/defensoriaformosa.gob.ar\/?p=13209","title":{"rendered":"EN LA ACTUAL SITUACION INFLACIONARIA RECHAZARON LOS AUMENTOS DEL GAS ENVASADO Y DE LAS TARIFAS DE ENERGIA ELECTRICA"},"content":{"rendered":"<p>Gialluca afirm\u00f3 que, los refuerzos y bonos que se pagar\u00e1n a trabajadores sin ingresos formales, trabajadoras de casas particulares, monotributistas, as\u00ed como a jubilados y pensionados, servir\u00e1n para pagar los aumentos de tarifas, a las que consideramos absolutamente inapropiadas en el actual contexto inflacionario, que deteriora d\u00eda a d\u00eda el bolsillo de los trabajadores-<!--more--><\/p>\n<p>&nbsp;<\/p>\n<p>El Defensor del Pueblo de la Provincia de Formosa, Dr. Jos\u00e9 Leonardo Gialluca, inform\u00f3 que, la Secretar\u00eda de Energ\u00eda de la Naci\u00f3n actualiz\u00f3 el precio de la Garrafa Social y adem\u00e1s dispuso un incremento en el monto del subsidio para los beneficiarios del Programa Hogar, a trav\u00e9s de la Resoluci\u00f3n N\u00ba 270\/2022. De esta manera, la Garrafa Social que se comercializaba a $520 paso a costar $630 al mostrador, en el caso de venta a domicilio, esto es por delivery, las distribuidoras las venden a $900 y m\u00e1s seg\u00fan las distancias. El subsidio en estos casos, ser\u00e1 de $496,80. La garrafa de 15kg se comercializa a $940 y la de 45kg a $7.500, en este \u00faltimo caso, los aumentos se vienen practicando casi todos los meses, pues en su componente se utiliza el propano, producto que es importado hacia la Argentina.<br \/>\nAumentos en el precio de la energ\u00eda el\u00e9ctrica: siempre en relaci\u00f3n a servicios p\u00fablicos esenciales, el Ombudsman Provincial, se\u00f1al\u00f3 que, en el mes de mayo, participaremos de las Audiencias P\u00fablicas donde se discutir\u00e1n las tarifas de energ\u00eda el\u00e9ctrica y donde esta semana, la Secretaria de Energ\u00eda ya ha formalizado la convocatoria y tambi\u00e9n a las diferentes reuniones para tratar los nuevos precios y la segmentaci\u00f3n de tarifas. Gialluca adelant\u00f3 que, nuestra postura va a ser firme en cuanto a rechazar estos aumentos que se pretenden implementar y pedirle al Estado Nacional que las empresas generadoras y transportistas, las cuales tuvieron ganancias extraordinarias por los aumentos exorbitantes de las tarifas que se autorizaron durante el Gobierno Nacional anterior, enfrenten realmente mayores inversiones financi\u00e1ndose con sus recursos. Esto es as\u00ed ya que, estamos seguros, \u201cque este no es un problema de aumento de tarifas, sino de abusos y especulaciones empresariales, puesto que, cuando se les otorg\u00f3 en su momento en el Gobierno de Mauricio Macri porcentajes de incrementos de m\u00e1s del 3.600%, no llegaron hacer ninguna nueva inversi\u00f3n y el servicio en \u00e9pocas de altas temperaturas contin\u00faa siendo deficiente\u201d. Si a esto le sumamos que los usuarios estamos transitando una situaci\u00f3n grave econ\u00f3micamente hablando, con una alta inflaci\u00f3n que d\u00eda a d\u00eda hace perder toda capacidad adquisitiva al bolsillo de los trabajadores, no podemos estar del lado de quienes promueven estos aumentos tarifarios y por ello vemos que puede existir un retraso de las tarifas, pero tambi\u00e9n, \u201cadvertimos que las ayudas y compensaciones de 12 mil o 18 mil pesos van a servir para pagar lo que las empresas propongan y la Secretaria de Energ\u00eda termine autorizando luego de celebrada las Audiencias P\u00fablicas\u201d.<\/p>\n<p>&nbsp;<\/p>\n<p>&nbsp;<\/p>\n","protected":false},"excerpt":{"rendered":"<p>Gialluca afirm\u00f3 que, los refuerzos y bonos que se pagar\u00e1n a trabajadores sin ingresos formales, trabajadoras de casas particulares, monotributistas, as\u00ed como a jubilados y pensionados, servir\u00e1n para pagar los aumentos de tarifas, a las que consideramos absolutamente inapropiadas en el actual contexto inflacionario, que deteriora d\u00eda a d\u00eda el bolsillo de los trabajadores-<\/p>\n","protected":false},"author":1,"featured_media":13210,"comment_status":"closed","ping_status":"closed","sticky":false,"template":"","format":"standard","meta":{"footnotes":""},"categories":[3],"tags":[],"class_list":["post-13209","post","type-post","status-publish","format-standard","has-post-thumbnail","hentry","category-defensa-de-los-derechos-del-usuario-consumidor-contribuyentes"],"_links":{"self":[{"href":"https:\/\/defensoriaformosa.gob.ar\/index.php?rest_route=\/wp\/v2\/posts\/13209","targetHints":{"allow":["GET"]}}],"collection":[{"href":"https:\/\/defensoriaformosa.gob.ar\/index.php?rest_route=\/wp\/v2\/posts"}],"about":[{"href":"https:\/\/defensoriaformosa.gob.ar\/index.php?rest_route=\/wp\/v2\/types\/post"}],"author":[{"embeddable":true,"href":"https:\/\/defensoriaformosa.gob.ar\/index.php?rest_route=\/wp\/v2\/users\/1"}],"replies":[{"embeddable":true,"href":"https:\/\/defensoriaformosa.gob.ar\/index.php?rest_route=%2Fwp%2Fv2%2Fcomments&post=13209"}],"version-history":[{"count":1,"href":"https:\/\/defensoriaformosa.gob.ar\/index.php?rest_route=\/wp\/v2\/posts\/13209\/revisions"}],"predecessor-version":[{"id":13211,"href":"https:\/\/defensoriaformosa.gob.ar\/index.php?rest_route=\/wp\/v2\/posts\/13209\/revisions\/13211"}],"wp:featuredmedia":[{"embeddable":true,"href":"https:\/\/defensoriaformosa.gob.ar\/index.php?rest_route=\/wp\/v2\/media\/13210"}],"wp:attachment":[{"href":"https:\/\/defensoriaformosa.gob.ar\/index.php?rest_route=%2Fwp%2Fv2%2Fmedia&parent=13209"}],"wp:term":[{"taxonomy":"category","embeddable":true,"href":"https:\/\/defensoriaformosa.gob.ar\/index.php?rest_route=%2Fwp%2Fv2%2Fcategories&post=13209"},{"taxonomy":"post_tag","embeddable":true,"href":"https:\/\/defensoriaformosa.gob.ar\/index.php?rest_route=%2Fwp%2Fv2%2Ftags&post=13209"}],"curies":[{"name":"wp","href":"https:\/\/api.w.org\/{rel}","templated":true}]}}