{"id":13182,"date":"2022-04-10T18:55:35","date_gmt":"2022-04-10T21:55:35","guid":{"rendered":"https:\/\/defensoriaformosa.gob.ar\/?p=13182"},"modified":"2022-04-10T18:55:35","modified_gmt":"2022-04-10T21:55:35","slug":"es-grave-la-falta-de-gasoil-para-el-transporte-de-pasajeros","status":"publish","type":"post","link":"https:\/\/defensoriaformosa.gob.ar\/?p=13182","title":{"rendered":"ES GRAVE LA FALTA DE GASOIL PARA EL TRANSPORTE DE PASAJEROS"},"content":{"rendered":"<p><strong>Se brinda un servicio anormal en el transporte p\u00fablico de pasajeros, por falta de gasoil. Reci\u00e9n para el pr\u00f3ximo mi\u00e9rcoles la empresa recibir\u00eda gasoil en sus dep\u00f3sitos entretanto deber\u00e1 comprarlo en las estaciones de servicios locales de manera limitada y a mayor costo-<\/strong><!--more--><\/p>\n<p>El Defensor del Pueblo Dr. Jos\u00e9 Leonardo Gialluca, afirm\u00f3 que mantuvo contactos con las Autoridades de la Empresa Crucero del Sur Agrupaci\u00f3n y tambi\u00e9n con el Representante de UTA Formosa, quienes les informaron que \u201cse agrava la dificultad para acceder regularmente al gasoil que se necesita para tener todas las unidades en funcionamiento cubriendo cada una de las l\u00edneas y respetando las frecuencias establecidas\u201d. Gialluca, se\u00f1al\u00f3 que desde la Empresa prestataria \u201cle informaron que desde hace d\u00edas no reciben gasoil para sus plantas, por lo que est\u00e1n saliendo a comprar en las estaciones de servicios locales donde se les vende determinadas cantidades de litros\u201d. Asimismo, el funcionario Provincial, se\u00f1al\u00f3 que reci\u00e9n para el d\u00eda mi\u00e9rcoles pr\u00f3ximo \u201cse podr\u00eda estar solucionado el aprovisionamiento de carburantes a la empresa\u201d. Con este panorama, es seguro que existir\u00e1n restricciones en algunas l\u00edneas, por lo que el Ombudsman Provincial \u201cse\u00f1al\u00f3 que es aqu\u00ed donde el Municipio deber\u00e1 informar a todos los usuarios c\u00f3mo y en qu\u00e9 condiciones se brindar\u00e1 el servicio p\u00fablico de transporte\u201d, de manera tal que los usuarios puedan organizarse y tambi\u00e9n evitar los mayores perjuicios posibles. En estos \u00faltimos d\u00edas, todo se agrav\u00f3, al cortarse el servicio mayorista, con el cual la empresa pod\u00eda conseguir un combustible un poco m\u00e1s econ\u00f3mico y contar con algunas reservas. Gialluca, denunci\u00f3 que esto es necesario hac\u00e9rselo saber a los usuarios y trabajar para que se autoricen m\u00e1s cupos para las estaciones de servicios y obviamente, limitar las ventas a granel que van directamente de contrabando hacia Paraguay, haciendo aplicar las normativas vigentes y para ello necesitamos que la Justicia Competente se expida inmediatamente al respecto. Consultado sobre las manifestaciones de algunos Concejales Capitalinos, que afirmaron que esto es consecuencia de \u201cla pol\u00edtica del l\u00e1tigo y la chequera del Gobierno Provincial sobre la Municipalidad\u201d, dijo que estas son simples manifestaciones para los medios, pues nunca se ponen a trabajar de verdad, por lo que pidi\u00f3 que convoquen a las Autoridades de las C\u00e1maras de Estaciones de Servicios y se ilustren sobre las problem\u00e1ticas existentes, como tambi\u00e9n en varias provincias, se han limitado los servicios del transporte p\u00fablico. Agrego Gialluca que el propio Presidente de la Federaci\u00f3n Argentina de Transporte por Automotor de Pasajeros (FATAP) advirti\u00f3 que las empresas recurren a las estaciones de servicios para comprar combustible porque no consiguen gasolina a granel y a precios mayoristas. Tambi\u00e9n desde la Federaci\u00f3n Argentina de Expendedores de Nafta del Interior (Faeni) se denunci\u00f3 la falta de gasoil en las estaciones de servicios del Interior. Por \u00faltimo, Gialluca, inform\u00f3 que hemos pedido medidas sobre este tema de manera urgente, tanto al Ministerio de Transporte y a la Secretar\u00eda de Energ\u00eda de la Naci\u00f3n.<\/p>\n","protected":false},"excerpt":{"rendered":"<p>Se brinda un servicio anormal en el transporte p\u00fablico de pasajeros, por falta de gasoil. Reci\u00e9n para el pr\u00f3ximo mi\u00e9rcoles la empresa recibir\u00eda gasoil en sus dep\u00f3sitos entretanto deber\u00e1 comprarlo en las estaciones de servicios locales de manera limitada y a mayor costo-<\/p>\n","protected":false},"author":1,"featured_media":13183,"comment_status":"closed","ping_status":"closed","sticky":false,"template":"","format":"standard","meta":{"footnotes":""},"categories":[3],"tags":[],"class_list":["post-13182","post","type-post","status-publish","format-standard","has-post-thumbnail","hentry","category-defensa-de-los-derechos-del-usuario-consumidor-contribuyentes"],"_links":{"self":[{"href":"https:\/\/defensoriaformosa.gob.ar\/index.php?rest_route=\/wp\/v2\/posts\/13182","targetHints":{"allow":["GET"]}}],"collection":[{"href":"https:\/\/defensoriaformosa.gob.ar\/index.php?rest_route=\/wp\/v2\/posts"}],"about":[{"href":"https:\/\/defensoriaformosa.gob.ar\/index.php?rest_route=\/wp\/v2\/types\/post"}],"author":[{"embeddable":true,"href":"https:\/\/defensoriaformosa.gob.ar\/index.php?rest_route=\/wp\/v2\/users\/1"}],"replies":[{"embeddable":true,"href":"https:\/\/defensoriaformosa.gob.ar\/index.php?rest_route=%2Fwp%2Fv2%2Fcomments&post=13182"}],"version-history":[{"count":1,"href":"https:\/\/defensoriaformosa.gob.ar\/index.php?rest_route=\/wp\/v2\/posts\/13182\/revisions"}],"predecessor-version":[{"id":13184,"href":"https:\/\/defensoriaformosa.gob.ar\/index.php?rest_route=\/wp\/v2\/posts\/13182\/revisions\/13184"}],"wp:featuredmedia":[{"embeddable":true,"href":"https:\/\/defensoriaformosa.gob.ar\/index.php?rest_route=\/wp\/v2\/media\/13183"}],"wp:attachment":[{"href":"https:\/\/defensoriaformosa.gob.ar\/index.php?rest_route=%2Fwp%2Fv2%2Fmedia&parent=13182"}],"wp:term":[{"taxonomy":"category","embeddable":true,"href":"https:\/\/defensoriaformosa.gob.ar\/index.php?rest_route=%2Fwp%2Fv2%2Fcategories&post=13182"},{"taxonomy":"post_tag","embeddable":true,"href":"https:\/\/defensoriaformosa.gob.ar\/index.php?rest_route=%2Fwp%2Fv2%2Ftags&post=13182"}],"curies":[{"name":"wp","href":"https:\/\/api.w.org\/{rel}","templated":true}]}}