{"id":13179,"date":"2022-04-09T15:05:06","date_gmt":"2022-04-09T18:05:06","guid":{"rendered":"https:\/\/defensoriaformosa.gob.ar\/?p=13179"},"modified":"2022-04-09T15:05:06","modified_gmt":"2022-04-09T18:05:06","slug":"la-recoleccion-y-tratamiento-de-residuos-biopatogenicos-en-formosa-es-prestada-con-normalidad","status":"publish","type":"post","link":"https:\/\/defensoriaformosa.gob.ar\/?p=13179","title":{"rendered":"LA RECOLECCION Y TRATAMIENTO DE RESIDUOS BIOPATOGENICOS EN FORMOSA ES PRESTADA CON NORMALIDAD"},"content":{"rendered":"<p>Gialluca afirm\u00f3 que, \u00fanicamente que el d\u00eda miercoles en horas de la ma\u00f1ana, trabajadores de Recolectora del Norte S.R.L. reclamaron indumentarias en una Audiencia llevada a cabo en la Subsecretaria de Trabajo de la Provincia, donde se acord\u00f3 entre las partes este punto y adem\u00e1s el Gerente Teodoro Centuri\u00f3n inform\u00f3 que el pr\u00f3ximo d\u00eda lunes estar\u00e1n abonando los haberes correspondientes al mes de marzo-<\/p>\n<p><!--more--><\/p>\n<p>El Defensor del Pueblo de la Provincia de Formosa, Dr. Jos\u00e9 Leonardo Gialluca, en contacto con el Gerente de Recolectora del Norte S.R.L. Teodoro Centuri\u00f3n, dejaron constancia de que la recolecci\u00f3n, tratamiento y disposici\u00f3n final de residuos biopatog\u00e9nicos, se encuentran totalmente restablecidos, habi\u00e9ndose \u00fanicamente el d\u00eda miercoles en horas de la ma\u00f1ana dejado de brindar este servicio esencial con motivo de un reclamo por parte de los empleados y que se relaciona con vestimenta y elementos de trabajo, los cuales ya fueron proporcionados, situaci\u00f3n esta que fue zanjada con la intervenci\u00f3n de la Subsecretaria de Trabajo, Seguridad y Culto de la Provincia. En este sentido, desde la Empresa Recolectora del Norte S.R.L. se\u00f1alaron que, en la actualidad se encuentran activas unas 24 personas, ya que el resto est\u00e1 con licencia m\u00e9dica por diversas razones, entre los cuales se encuentra uno de los reclamantes el Se\u00f1or Julio P\u00e1ez y el trabajo se efect\u00faa en todos los Departamentos de nuestro Territorio, todos ellos se encuentran agremiados al Sindicato de Choferes de Camiones de Formosa. Asimismo, a\u00f1adieron que, con motivo de la pandemia, antes entre el sector p\u00fablico y privados se recolectaban unas 20 toneladas de residuos biopatog\u00e9nicos y hoy ese volumen se ha triplicado, lleg\u00e1ndose en alg\u00fan momento a unas 60 toneladas, en estos d\u00edas las cantidades mensuales oscilan entre 35 y 40 toneladas, por lo cual, es aqu\u00ed donde se implementan los dobles turnos y con los equipos correspondientes y a temperaturas de m\u00e1s de 190\u00ba los residuos biopatog\u00e9nicos se convierten en residuos comunes. En este tema, se dej\u00f3 bien en claro que en la actualidad se est\u00e1 trabajando con una m\u00e1quina de autoclave y la otra entrar\u00e1 a funcionar dentro de unos 15 d\u00edas aproximadamente, pues, deben llegar una serie de elementos desde la Provincia de Santa Fe. Por otro lado, se pudo constatar la entrega de indumentarias para los trabajos que se llevan adelante y adem\u00e1s desde la pandemia hasta la fecha todos los dependientes cuentan con guantes y trajes de materiales especiales, que con seguridad deber\u00e1n seguir siendo utilizados hasta que las Autoridades Competentes decidan lo contrario. Agregaron desde la Firma que, en estos d\u00edas de lluvia y donde el ingreso de camiones y otros veh\u00edculos hacia el vaciadero municipal se complica por el barro y el agua existente, se est\u00e1n haciendo las gestiones por ante el municipio para resolver estas situaciones. Por \u00faltimo, informaron a toda la sociedad que, dentro del vaciadero municipal, se pueden observar en ciertas ocasiones, \u201cbolsas rojas gastadas, perforadas y esto es porque ya han sido sometidas a los tratamientos de autoclave y por lo tanto pasan a ser residuos comunes\u201d. No obstante, lo cual, desde la Defensor\u00eda del Pueblo, se ha solicitado al Municipio que, estas bolsas en particular, sean enterradas en cavas dispuestas a tal fin, para seguridad de quienes trabajan en el predio. En este mismo sentido, desde Recolectora del Norte S.R.L., negaron la acumulaci\u00f3n de bolsas de residuos biopatog\u00e9nicos no tratados y reconocieron que s\u00ed en estos d\u00edas de lluvia, el trabajo se puede atrasar, pero todos los antes mencionados quedan protegidos en sus instalaciones a la espera del procesamiento correspondiente.<\/p>\n<p>&nbsp;<\/p>\n","protected":false},"excerpt":{"rendered":"<p>Gialluca afirm\u00f3 que, \u00fanicamente que el d\u00eda miercoles en horas de la ma\u00f1ana, trabajadores de Recolectora del Norte S.R.L. reclamaron indumentarias en una Audiencia llevada a cabo en la Subsecretaria de Trabajo de la Provincia, donde se acord\u00f3 entre las partes este punto y adem\u00e1s el Gerente Teodoro Centuri\u00f3n inform\u00f3 que el pr\u00f3ximo d\u00eda lunes [&hellip;]<\/p>\n","protected":false},"author":1,"featured_media":13180,"comment_status":"closed","ping_status":"closed","sticky":false,"template":"","format":"standard","meta":{"footnotes":""},"categories":[5],"tags":[],"class_list":["post-13179","post","type-post","status-publish","format-standard","has-post-thumbnail","hentry","category-ambiente-y-desarrollo-sustentable"],"_links":{"self":[{"href":"https:\/\/defensoriaformosa.gob.ar\/index.php?rest_route=\/wp\/v2\/posts\/13179","targetHints":{"allow":["GET"]}}],"collection":[{"href":"https:\/\/defensoriaformosa.gob.ar\/index.php?rest_route=\/wp\/v2\/posts"}],"about":[{"href":"https:\/\/defensoriaformosa.gob.ar\/index.php?rest_route=\/wp\/v2\/types\/post"}],"author":[{"embeddable":true,"href":"https:\/\/defensoriaformosa.gob.ar\/index.php?rest_route=\/wp\/v2\/users\/1"}],"replies":[{"embeddable":true,"href":"https:\/\/defensoriaformosa.gob.ar\/index.php?rest_route=%2Fwp%2Fv2%2Fcomments&post=13179"}],"version-history":[{"count":1,"href":"https:\/\/defensoriaformosa.gob.ar\/index.php?rest_route=\/wp\/v2\/posts\/13179\/revisions"}],"predecessor-version":[{"id":13181,"href":"https:\/\/defensoriaformosa.gob.ar\/index.php?rest_route=\/wp\/v2\/posts\/13179\/revisions\/13181"}],"wp:featuredmedia":[{"embeddable":true,"href":"https:\/\/defensoriaformosa.gob.ar\/index.php?rest_route=\/wp\/v2\/media\/13180"}],"wp:attachment":[{"href":"https:\/\/defensoriaformosa.gob.ar\/index.php?rest_route=%2Fwp%2Fv2%2Fmedia&parent=13179"}],"wp:term":[{"taxonomy":"category","embeddable":true,"href":"https:\/\/defensoriaformosa.gob.ar\/index.php?rest_route=%2Fwp%2Fv2%2Fcategories&post=13179"},{"taxonomy":"post_tag","embeddable":true,"href":"https:\/\/defensoriaformosa.gob.ar\/index.php?rest_route=%2Fwp%2Fv2%2Ftags&post=13179"}],"curies":[{"name":"wp","href":"https:\/\/api.w.org\/{rel}","templated":true}]}}