{"id":13140,"date":"2022-03-28T15:55:51","date_gmt":"2022-03-28T18:55:51","guid":{"rendered":"https:\/\/defensoriaformosa.gob.ar\/?p=13140"},"modified":"2022-03-28T15:55:51","modified_gmt":"2022-03-28T18:55:51","slug":"en-reunion-con-supermercadistas-se-acordo-acompanar-la-campana-hora-de-silencio","status":"publish","type":"post","link":"https:\/\/defensoriaformosa.gob.ar\/?p=13140","title":{"rendered":"EN REUNI\u00d3N CON SUPERMERCADISTAS SE ACORD\u00d3 ACOMPA\u00d1AR LA CAMPA\u00d1A \u201cHORA DE SILENCIO\u201d"},"content":{"rendered":"<p><strong>-La Defensor\u00eda del Pueblo present\u00f3 un Proyecto de Ordenanza destinada a una mayor inclusi\u00f3n, empat\u00eda y solidaridad comunitaria para con las personas que padecen Trastorno del Espectro Autista-<\/strong><\/p>\n<p><!--more--><br \/>\nSe llev\u00f3 a cabo en la sede de la Defensor\u00eda del Pueblo una Reuni\u00f3n de Trabajo en el marco de las diversas actividades y acciones que se implementan desde el Estado Provincial, Municipal y junto a Asociaciones, Fundaciones, ONGs y otros en relaci\u00f3n a la toma de conciencia y visibilizaci\u00f3n de las personas que presentan Trastorno del Espectro Autista (TEA), quienes junto a sus familiares, docentes, profesionales de la salud, buscan permanentemente obtener una mayor inserci\u00f3n social de las mismas. El Defensor del Pueblo Dr. Jos\u00e9 Leonardo Gialluca convoc\u00f3 a los responsables de cadenas de supermercados de la Ciudad de Formosa y tambi\u00e9n de Clorinda, como as\u00ed tambi\u00e9n empresarios de otros rubros de la econom\u00eda local a quienes se puso en conocimiento del Proyecto de Ordenanza \u201cHora de Silencio\u201d destinada a personas con TEA y otros, habi\u00e9ndose presentada la misma por ante el Honorable Concejo Deliberante de la Ciudad de Formosa y registrado como el Expte Letra \u201cD\u201d &#8211; N\u00ba 18 &#8211; A\u00f1o 2022. Supermercados Carrefour \u2013 Formosa, representado por su Director Alejandro Arribas, Autoservicio P\u00e1jaro Azul (APA) mediante su Gerente Comercial Fernando Paredes y Changom\u00e1s Formosa a trav\u00e9s de su Director V\u00edctor Caballero expresaron que se sumar\u00e1n a esta iniciativa impulsada desde el Organismo de la Constituci\u00f3n y que si bien en el caso de las grandes superficies extra provinciales vienen abordando esta tem\u00e1tica, expresan que poseen una asignatura pendiente, que es la difusi\u00f3n a nivel comunitario de esta tem\u00e1tica. Gialluca, inst\u00f3 a todas las partes presentes a trabajar sobre la misma durante todo el a\u00f1o, pues debemos continuar obteniendo beneficios de inclusi\u00f3n, de empat\u00eda y de m\u00e1s solidaridad social, mejorando siempre la calidad de vida de las personas que padecen determinadas intolerancias y buscaremos que m\u00e1s sitios de diversos rubros comerciales se sumen a esta iniciativa y para ello necesitamos que el Estado Nacional junto al Provincial, a los Municipios y a las empresas privadas, acompa\u00f1en a los ni\u00f1os, adolescentes y familiares, como as\u00ed tambi\u00e9n a las personas adultas con TEA que demandan una atenci\u00f3n en sus necesidades particulares.<\/p>\n","protected":false},"excerpt":{"rendered":"<p>-La Defensor\u00eda del Pueblo present\u00f3 un Proyecto de Ordenanza destinada a una mayor inclusi\u00f3n, empat\u00eda y solidaridad comunitaria para con las personas que padecen Trastorno del Espectro Autista-<\/p>\n","protected":false},"author":1,"featured_media":13141,"comment_status":"closed","ping_status":"closed","sticky":false,"template":"","format":"standard","meta":{"footnotes":""},"categories":[20,6],"tags":[],"class_list":["post-13140","post","type-post","status-publish","format-standard","has-post-thumbnail","hentry","category-ninez","category-salud"],"_links":{"self":[{"href":"https:\/\/defensoriaformosa.gob.ar\/index.php?rest_route=\/wp\/v2\/posts\/13140","targetHints":{"allow":["GET"]}}],"collection":[{"href":"https:\/\/defensoriaformosa.gob.ar\/index.php?rest_route=\/wp\/v2\/posts"}],"about":[{"href":"https:\/\/defensoriaformosa.gob.ar\/index.php?rest_route=\/wp\/v2\/types\/post"}],"author":[{"embeddable":true,"href":"https:\/\/defensoriaformosa.gob.ar\/index.php?rest_route=\/wp\/v2\/users\/1"}],"replies":[{"embeddable":true,"href":"https:\/\/defensoriaformosa.gob.ar\/index.php?rest_route=%2Fwp%2Fv2%2Fcomments&post=13140"}],"version-history":[{"count":1,"href":"https:\/\/defensoriaformosa.gob.ar\/index.php?rest_route=\/wp\/v2\/posts\/13140\/revisions"}],"predecessor-version":[{"id":13142,"href":"https:\/\/defensoriaformosa.gob.ar\/index.php?rest_route=\/wp\/v2\/posts\/13140\/revisions\/13142"}],"wp:featuredmedia":[{"embeddable":true,"href":"https:\/\/defensoriaformosa.gob.ar\/index.php?rest_route=\/wp\/v2\/media\/13141"}],"wp:attachment":[{"href":"https:\/\/defensoriaformosa.gob.ar\/index.php?rest_route=%2Fwp%2Fv2%2Fmedia&parent=13140"}],"wp:term":[{"taxonomy":"category","embeddable":true,"href":"https:\/\/defensoriaformosa.gob.ar\/index.php?rest_route=%2Fwp%2Fv2%2Fcategories&post=13140"},{"taxonomy":"post_tag","embeddable":true,"href":"https:\/\/defensoriaformosa.gob.ar\/index.php?rest_route=%2Fwp%2Fv2%2Ftags&post=13140"}],"curies":[{"name":"wp","href":"https:\/\/api.w.org\/{rel}","templated":true}]}}