{"id":13129,"date":"2022-03-23T16:19:53","date_gmt":"2022-03-23T19:19:53","guid":{"rendered":"https:\/\/defensoriaformosa.gob.ar\/?p=13129"},"modified":"2022-03-23T16:19:53","modified_gmt":"2022-03-23T19:19:53","slug":"repudio-el-golpe-civico-militar-y-a-las-corporaciones-empresarias-que-suman-cada-dia-mayores-ganancias-en-detrimento-del-bolsillo-de-los-trabajadores","status":"publish","type":"post","link":"https:\/\/defensoriaformosa.gob.ar\/?p=13129","title":{"rendered":"REPUDIO EL GOLPE C\u00cdVICO MILITAR Y A LAS CORPORACIONES EMPRESARIAS QUE SUMAN CADA D\u00cdA MAYORES GANANCIAS EN DETRIMENTO DEL BOLSILLO DE LOS TRABAJADORES"},"content":{"rendered":"<p><strong>El Defensor del Pueblo de la Provincia de Formosa Dr. Jos\u00e9 Leonardo Gialluca, al cumplirse 46 a\u00f1os del Golpe C\u00edvico-Militar de 1.976 y motivo por el cual conmemoramos el -D\u00eda Nacional de la Memoria por la Verdad y la Justicia- record\u00f3 que, en esos tiempos asumieron al poder no solamente los militares, sino adem\u00e1s \u201cgrupos econ\u00f3micos nacionales y extranjeros que hasta el d\u00eda de hoy contin\u00faan haciendo sus grandes negociados con el bolsillo de los trabajadores\u201d.<\/strong><\/p>\n<p><!--more--><\/p>\n<p>El funcionario provincial record\u00f3 que el actual Gobierno Nacional, est\u00e1 llevando adelante gestiones y reuniones con distintas c\u00e1maras empresariales donde se encuentran a las formadoras de precios y que desde hace a\u00f1os siempre han priorizado sus intereses sectoriales y nunca el bienestar general del pueblo argentino, por lo cual acompa\u00f1amos Institucionalmente a todos los actos que se realizar\u00e1n para recordar la fecha antes aludida, pero desde la Defensor\u00eda del Pueblo, queremos no dejar pasar por alto que el sufrimiento de millones de trabajadores y de quienes son tambi\u00e9n responsables directa o indirectamente de los precios actuales de los alimentos, medicamentos y otros bienes y servicios, \u201cson justamente las corporaciones alimenticias que tambi\u00e9n golpearon las puertas de los cuarteles y se beneficiaron econ\u00f3micamente hasta el d\u00eda de la fecha\u201d. No podemos olvidar el apoyo expl\u00edcito de la Sociedad Rural al Gobierno de Videla, como tampoco se puede olvidar a los Bunge &amp; Born, los Blaquiers, la Copal \u2013Coordinadora de las Industrias de Productos Alimenticios, Bebidas y Afines-, el Grupo Ledesma, Arcor, como as\u00ed tambi\u00e9n la C\u00e1mara de Exportadores de Cereales, donde se encuentran los Vicentin, los Perez Companc y las multinacionales aceiteras que junto al Grupo La An\u00f3nima son los que fijan discrecionalmente, no solamente la entrega de los alimentos, sino tambi\u00e9n el valor que debemos pagar los consumidores. Por ello, volvemos como todos los a\u00f1os a repudiar, el nefasto Golpe C\u00edvico Militar de 1976, pero este a\u00f1o tambi\u00e9n repudiamos a las corporaciones y empresarios que fueron aliados de los militares y que contin\u00faan actualmente fuertemente concentrados e imponiendo precios que alejan la posibilidad de ser pagados por los salarios de los trabajadores y por ello entendemos que el Gobierno Nacional no puede actuar tibiamente con las mismas, sino todo lo contrariamente, se les tiene que aplicar las leyes vigentes y las fiscalizaciones necesarias para que existan precios de los alimentos justos y razonables, pues el repaso de nuestra historia, nos est\u00e1 indicando que son siempre los mismos empresarios, las mismas C\u00e1maras, los mismos Bancos, los que desde 1976 a la fecha contin\u00faan imponiendo sus propias aspiraciones econ\u00f3micas, que no coinciden justamente con las necesidades econ\u00f3micas del pueblo argentino.<\/p>\n","protected":false},"excerpt":{"rendered":"<p>El Defensor del Pueblo de la Provincia de Formosa Dr. Jos\u00e9 Leonardo Gialluca, al cumplirse 46 a\u00f1os del Golpe C\u00edvico-Militar de 1.976 y motivo por el cual conmemoramos el -D\u00eda Nacional de la Memoria por la Verdad y la Justicia- record\u00f3 que, en esos tiempos asumieron al poder no solamente los militares, sino adem\u00e1s \u201cgrupos [&hellip;]<\/p>\n","protected":false},"author":1,"featured_media":13130,"comment_status":"closed","ping_status":"closed","sticky":false,"template":"","format":"standard","meta":{"footnotes":""},"categories":[4,17],"tags":[],"class_list":["post-13129","post","type-post","status-publish","format-standard","has-post-thumbnail","hentry","category-ddhh","category-justicia"],"_links":{"self":[{"href":"https:\/\/defensoriaformosa.gob.ar\/index.php?rest_route=\/wp\/v2\/posts\/13129","targetHints":{"allow":["GET"]}}],"collection":[{"href":"https:\/\/defensoriaformosa.gob.ar\/index.php?rest_route=\/wp\/v2\/posts"}],"about":[{"href":"https:\/\/defensoriaformosa.gob.ar\/index.php?rest_route=\/wp\/v2\/types\/post"}],"author":[{"embeddable":true,"href":"https:\/\/defensoriaformosa.gob.ar\/index.php?rest_route=\/wp\/v2\/users\/1"}],"replies":[{"embeddable":true,"href":"https:\/\/defensoriaformosa.gob.ar\/index.php?rest_route=%2Fwp%2Fv2%2Fcomments&post=13129"}],"version-history":[{"count":1,"href":"https:\/\/defensoriaformosa.gob.ar\/index.php?rest_route=\/wp\/v2\/posts\/13129\/revisions"}],"predecessor-version":[{"id":13131,"href":"https:\/\/defensoriaformosa.gob.ar\/index.php?rest_route=\/wp\/v2\/posts\/13129\/revisions\/13131"}],"wp:featuredmedia":[{"embeddable":true,"href":"https:\/\/defensoriaformosa.gob.ar\/index.php?rest_route=\/wp\/v2\/media\/13130"}],"wp:attachment":[{"href":"https:\/\/defensoriaformosa.gob.ar\/index.php?rest_route=%2Fwp%2Fv2%2Fmedia&parent=13129"}],"wp:term":[{"taxonomy":"category","embeddable":true,"href":"https:\/\/defensoriaformosa.gob.ar\/index.php?rest_route=%2Fwp%2Fv2%2Fcategories&post=13129"},{"taxonomy":"post_tag","embeddable":true,"href":"https:\/\/defensoriaformosa.gob.ar\/index.php?rest_route=%2Fwp%2Fv2%2Ftags&post=13129"}],"curies":[{"name":"wp","href":"https:\/\/api.w.org\/{rel}","templated":true}]}}