{"id":13114,"date":"2022-03-18T16:27:16","date_gmt":"2022-03-18T19:27:16","guid":{"rendered":"https:\/\/defensoriaformosa.gob.ar\/?p=13114"},"modified":"2022-03-18T16:27:16","modified_gmt":"2022-03-18T19:27:16","slug":"informo-la-defensoria-del-pueblo-que-se-libero-el-transito-en-la-rn-86","status":"publish","type":"post","link":"https:\/\/defensoriaformosa.gob.ar\/?p=13114","title":{"rendered":"INFORM\u00d3 LA DEFENSOR\u00cdA DEL PUEBLO QUE SE LIBER\u00d3 EL TR\u00c1NSITO EN LA RN 86"},"content":{"rendered":"<p><strong>-Se cursaron Actuaciones a la Direcci\u00f3n de Seguridad Vial la Provincia y al Consejo de Seguridad Vial, a fin de que en aplicaci\u00f3n de la Ley Nacional de Tr\u00e1nsito N\u00ba 24.449 y de la Ley N\u00ba 1.150 de adhesi\u00f3n a la anterior se tomen las medidas necesarias para evitar siniestros viales que podr\u00edan costar la vida de usuarios de la RN 86-<\/strong><\/p>\n<p><!--more--><\/p>\n<p>La Direcci\u00f3n de Tr\u00e1nsito y Urbanismo de la Municipalidad de Laguna Naineck a cargo de la Sra. Andrea Gabriela Insfr\u00e1n, present\u00f3 un escrito acompa\u00f1ado por la firma de numerosos ciudadanos solicitando a la Defensor\u00eda del Pueblo, se realicen las gestiones necesarias por ante quien corresponda, \u201c<strong><em>para asegurar la transitabilidad y especialmente la seguridad vial a la altura del km 1.309 de la RN 86, dado que los manifestantes que se encuentran interrumpiendo el libre tr\u00e1nsito han colocado tractores con acoplados atravesados en el cinta asf\u00e1ltica y en otras ocasiones se le suman estas maquinarias en la zona de banquina, lo que constituye un verdadero peligro principalmente en horarios nocturnos para quienes transitan por esta traza nacional\u201d.<\/em><\/strong> En consecuencia, el Defensor del Pueblo Dr. Jos\u00e9 Leonardo Gialluca, corri\u00f3 traslado de dicha presentaci\u00f3n al Consejo Provincial de Seguridad Vial y al Director de Seguridad Vial de la Provincia de\u00a0Formosa\u00a0Dr. Fernando\u00a0Inchausti a fin de que adopten las medidas pertinentes conforme lo establece la Ley Nacional de Tr\u00e1nsito 24.449 y complementarias a las que se encuentra adherida desde hace tiempo la Provincia de Formosa. Asimismo, desde el Organismo de la Constituci\u00f3n se inform\u00f3 a todos los usuarios que diariamente utilizan la RN 86 que los integrantes de la Federaci\u00f3n Agraria Argentina Filial Laguna Naineck levantaron totalmente el corte de ruta desde las 14 hs del d\u00eda viernes 18 del corriente mes y a\u00f1o. En este contexto, Gialluca invit\u00f3 a su Presidente Sr. P\u00e1nfilo Ayala a \u201cutilizar los canales y espacios de di\u00e1logo que contin\u00faan abiertos desde que se iniciaran estas protestas\u201d, resalt\u00e1ndose que el Estado Provincial ha declarado la emergencia agropecuaria a trav\u00e9s del Decreto Provincial N\u00ba 13 firmado por el Gobernador de la Provincia Dr. Gildo Insfr\u00e1n en el que se ha establecido desde el 1\u00ba de enero de 2022 y hasta el 30 de junio de 2022 la emergencia para las explotaciones agr\u00edcolas, incluy\u00e9ndose al Departamento Pilcomayo entre otros. \u00a0De esta manera, en este contexto hemos solicitado Institucionalmente al Ministerio de la Producci\u00f3n y Ambiente que nos informen sobre los diversos beneficios que recibir\u00e1n los peque\u00f1os y medianos productores agr\u00edcolas, lo cual oportunamente ser\u00e1 puesto en su conocimiento y por ello es que entendemos que no existen motivos para \u201c<strong>incurrir en delitos tipificados en nuestro CP como lo constituyen los cortes de ruta que tanto perjudican a quienes necesitan transitar por las mismas, ya sea por razones laborales, sanitarias u otras\u201d.<\/strong><\/p>\n","protected":false},"excerpt":{"rendered":"<p>-Se cursaron Actuaciones a la Direcci\u00f3n de Seguridad Vial la Provincia y al Consejo de Seguridad Vial, a fin de que en aplicaci\u00f3n de la Ley Nacional de Tr\u00e1nsito N\u00ba 24.449 y de la Ley N\u00ba 1.150 de adhesi\u00f3n a la anterior se tomen las medidas necesarias para evitar siniestros viales que podr\u00edan costar la [&hellip;]<\/p>\n","protected":false},"author":1,"featured_media":13115,"comment_status":"closed","ping_status":"closed","sticky":false,"template":"","format":"standard","meta":{"footnotes":""},"categories":[1,7],"tags":[],"class_list":["post-13114","post","type-post","status-publish","format-standard","has-post-thumbnail","hentry","category-noticias","category-seguridad-vial"],"_links":{"self":[{"href":"https:\/\/defensoriaformosa.gob.ar\/index.php?rest_route=\/wp\/v2\/posts\/13114","targetHints":{"allow":["GET"]}}],"collection":[{"href":"https:\/\/defensoriaformosa.gob.ar\/index.php?rest_route=\/wp\/v2\/posts"}],"about":[{"href":"https:\/\/defensoriaformosa.gob.ar\/index.php?rest_route=\/wp\/v2\/types\/post"}],"author":[{"embeddable":true,"href":"https:\/\/defensoriaformosa.gob.ar\/index.php?rest_route=\/wp\/v2\/users\/1"}],"replies":[{"embeddable":true,"href":"https:\/\/defensoriaformosa.gob.ar\/index.php?rest_route=%2Fwp%2Fv2%2Fcomments&post=13114"}],"version-history":[{"count":1,"href":"https:\/\/defensoriaformosa.gob.ar\/index.php?rest_route=\/wp\/v2\/posts\/13114\/revisions"}],"predecessor-version":[{"id":13116,"href":"https:\/\/defensoriaformosa.gob.ar\/index.php?rest_route=\/wp\/v2\/posts\/13114\/revisions\/13116"}],"wp:featuredmedia":[{"embeddable":true,"href":"https:\/\/defensoriaformosa.gob.ar\/index.php?rest_route=\/wp\/v2\/media\/13115"}],"wp:attachment":[{"href":"https:\/\/defensoriaformosa.gob.ar\/index.php?rest_route=%2Fwp%2Fv2%2Fmedia&parent=13114"}],"wp:term":[{"taxonomy":"category","embeddable":true,"href":"https:\/\/defensoriaformosa.gob.ar\/index.php?rest_route=%2Fwp%2Fv2%2Fcategories&post=13114"},{"taxonomy":"post_tag","embeddable":true,"href":"https:\/\/defensoriaformosa.gob.ar\/index.php?rest_route=%2Fwp%2Fv2%2Ftags&post=13114"}],"curies":[{"name":"wp","href":"https:\/\/api.w.org\/{rel}","templated":true}]}}