{"id":13111,"date":"2022-03-16T20:21:45","date_gmt":"2022-03-16T23:21:45","guid":{"rendered":"https:\/\/defensoriaformosa.gob.ar\/?p=13111"},"modified":"2022-03-18T16:21:59","modified_gmt":"2022-03-18T19:21:59","slug":"se-levantaron-todos-los-cortes-de-rutas-en-la-provincia","status":"publish","type":"post","link":"https:\/\/defensoriaformosa.gob.ar\/?p=13111","title":{"rendered":"SE LEVANTARON TODOS LOS CORTES DE RUTAS EN LA PROVINCIA"},"content":{"rendered":"<p><strong>El Defensor del Pueblo de la Provincia de Formosa, inform\u00f3 que, en las \u00faltimas horas, se lograron liberar las rutas nacionales N\u00ba 81 y 86. La primera a la altura de Bartolom\u00e9 de las Casas y la \u00faltima en la zona del Paraje Port\u00f3n Negro.<\/strong><\/p>\n<p><!--more--><\/p>\n<p>De esta manera, Gialluca, se\u00f1al\u00f3 que hemos llevado, coordinadamente con varias \u00e1reas del Estado Provincial, respuestas concretas a los reclamantes y al mismo tiempo, garantizar el libre tr\u00e1nsito, que es un derecho constitucional de todos los que necesitan utilizar las diversas rutas que surcan nuestro territorio local. Aclaro el Funcionario Provincial, que nunca vamos a criminalizar las protestas sociales, pero si entendemos Institucionalmente que una vez que se visibilizan los reclamos o quejas, el permanecer por tiempo indeterminado en los cortes de rutas, se ingresa directamente en las tipificaciones de nuestro C.P. Los canales Institucionales de la Defensor\u00eda del Pueblo, y los espacios de di\u00e1logos, estar\u00e1n siempre abiertos, para escuchar, dialogar y resolver todas las peticiones, razonables y que se encuentren dentro de la ley, a favor de cualquier ciudadano en Formosa, sin discriminaci\u00f3n alguna.<\/p>\n","protected":false},"excerpt":{"rendered":"<p>El Defensor del Pueblo de la Provincia de Formosa, inform\u00f3 que, en las \u00faltimas horas, se lograron liberar las rutas nacionales N\u00ba 81 y 86. La primera a la altura de Bartolom\u00e9 de las Casas y la \u00faltima en la zona del Paraje Port\u00f3n Negro.<\/p>\n","protected":false},"author":1,"featured_media":13112,"comment_status":"closed","ping_status":"closed","sticky":false,"template":"","format":"standard","meta":{"footnotes":""},"categories":[1],"tags":[],"class_list":["post-13111","post","type-post","status-publish","format-standard","has-post-thumbnail","hentry","category-noticias"],"_links":{"self":[{"href":"https:\/\/defensoriaformosa.gob.ar\/index.php?rest_route=\/wp\/v2\/posts\/13111","targetHints":{"allow":["GET"]}}],"collection":[{"href":"https:\/\/defensoriaformosa.gob.ar\/index.php?rest_route=\/wp\/v2\/posts"}],"about":[{"href":"https:\/\/defensoriaformosa.gob.ar\/index.php?rest_route=\/wp\/v2\/types\/post"}],"author":[{"embeddable":true,"href":"https:\/\/defensoriaformosa.gob.ar\/index.php?rest_route=\/wp\/v2\/users\/1"}],"replies":[{"embeddable":true,"href":"https:\/\/defensoriaformosa.gob.ar\/index.php?rest_route=%2Fwp%2Fv2%2Fcomments&post=13111"}],"version-history":[{"count":1,"href":"https:\/\/defensoriaformosa.gob.ar\/index.php?rest_route=\/wp\/v2\/posts\/13111\/revisions"}],"predecessor-version":[{"id":13113,"href":"https:\/\/defensoriaformosa.gob.ar\/index.php?rest_route=\/wp\/v2\/posts\/13111\/revisions\/13113"}],"wp:featuredmedia":[{"embeddable":true,"href":"https:\/\/defensoriaformosa.gob.ar\/index.php?rest_route=\/wp\/v2\/media\/13112"}],"wp:attachment":[{"href":"https:\/\/defensoriaformosa.gob.ar\/index.php?rest_route=%2Fwp%2Fv2%2Fmedia&parent=13111"}],"wp:term":[{"taxonomy":"category","embeddable":true,"href":"https:\/\/defensoriaformosa.gob.ar\/index.php?rest_route=%2Fwp%2Fv2%2Fcategories&post=13111"},{"taxonomy":"post_tag","embeddable":true,"href":"https:\/\/defensoriaformosa.gob.ar\/index.php?rest_route=%2Fwp%2Fv2%2Ftags&post=13111"}],"curies":[{"name":"wp","href":"https:\/\/api.w.org\/{rel}","templated":true}]}}