{"id":13062,"date":"2022-02-18T16:41:22","date_gmt":"2022-02-18T19:41:22","guid":{"rendered":"https:\/\/defensoriaformosa.gob.ar\/?p=13062"},"modified":"2022-03-14T19:45:10","modified_gmt":"2022-03-14T22:45:10","slug":"audiencia-publica-por-el-precio-de-la-generacion-y-transporte-de-energia-electrica","status":"publish","type":"post","link":"https:\/\/defensoriaformosa.gob.ar\/?p=13062","title":{"rendered":"AUDIENCIA P\u00daBLICA POR EL PRECIO DE LA GENERACI\u00d3N Y TRANSPORTE DE ENERG\u00cdA EL\u00c9CTRICA"},"content":{"rendered":"<p><strong>-La Defensor\u00eda del Pueblo de Formosa se opuso a las pretensiones de las empresas de que seamos los usuarios, ya sea directamente o indirectamente a trav\u00e9s de la eliminaci\u00f3n de subsidios los que tengamos que cubrir los d\u00e9ficits de caja de las mismas, cuando estas nunca han invertido lo suficiente para tener un servicio de calidad y a precio razonable. Exigi\u00f3 adem\u00e1s que la Secretar\u00eda de Energ\u00eda gestione la eliminaci\u00f3n de los monopolios, tanto en la generaci\u00f3n como en el transporte, que se proyecten diversificaciones en la generaci\u00f3n de energ\u00eda (solar, e\u00f3lica, nuclear, etc.) y por \u00faltimo se\u00f1al\u00f3 que en el transporte se aplique acciones que modifiquen el actual traslado de la energ\u00eda ya que nuestra ciudad capital se encuentra a tan solo 160 km de la entidad binacional Yacyret\u00e1, y en los hechos se la lleva desde Corrientes a Buenos Aires y luego Transnea y otras la trasladan a nuestro territorio-<\/strong><\/p>\n<p><!--more--><\/p>\n<p>El Defensor del Pueblo de la Provincia de Formosa Dr. Jos\u00e9 Leonardo Gialluca, particip\u00f3 previamente inscripto de la -Audiencia P\u00fablica Nacional Virtual- convocada por la Secretar\u00eda de Energ\u00eda de Naci\u00f3n, a cargo de Dar\u00edo Mart\u00ednez y por la Interventora del ENRE Dra. Mar\u00eda Soledad Man\u00edn, y la que tuvo por objeto los aumentos peticionados por las empresas generadoras y transportistas de energ\u00eda el\u00e9ctrica, las quitas de subsidios y segmentaciones (pagar el que m\u00e1s tiene). En la misma, reclam\u00f3 que no se hayan enviado a Formosa los antecedentes objeto de esta Audiencia, y solicit\u00f3 el rechazo de toda pretensi\u00f3n de incrementos que luego la distribuidora trasladar\u00e1 a los trabajadores \u2013 usuarios tanto residenciales como comerciales. Denunci\u00f3 en su ponencia, que nadie quiere hablar de la pobreza energ\u00e9tica o de la indigencia energ\u00e9tica, que hoy conforme a los datos del Consejo de Pol\u00edticas Sociales m\u00e1s de 10 millones de personas no pueden acceder a bienes esenciales como alimentos, medicamentos y otros, porque deben destinar gran porcentaje de sus ingresos a pagar servicios p\u00fablicos esenciales como la energ\u00eda el\u00e9ctrica, agua, gas, telefon\u00eda fija, m\u00f3vil, internet, etc. Gialluca, observ\u00f3 que cada vez somos menos los que participamos de las Audiencias P\u00fablicas y directamente \u201cel usuario que es el que termina pagando las facturas nunca podr\u00e1 participar pues acceder a la informaci\u00f3n necesaria es pr\u00e1cticamente una tarea imposible, con lo cual se desnaturaliza el llamado a estas reuniones formales en las que se han convertido las Audiencias P\u00fablicas y que al no tener una naturaleza vinculante los resultados de las mismas, nos sentimos impotentes conociendo que los aumentos igualmente ser\u00e1n concedidos y que todas nuestras propuestas no son tomadas en cuenta\u201d. Es aqu\u00ed donde la Secretar\u00eda de Energ\u00eda y el ENRE deben repensar las finalidades de las Audiencias P\u00fablicas para que vuelvan a ser los \u00e1mbitos en que el Estado, las empresas y los usuarios determinen tarifas razonables y justas que a su vez sean sin\u00f3nimo de servicios p\u00fablicos de calidad y no como los que tenemos ahora. Se quej\u00f3 el Ombudsman Provincial en que \u201clas generadoras y las transportistas solamente hayan pedido que sus d\u00e9ficits de sus flujos de caja sean saneados mediante aumentos a los usuarios y quitas de subsidios, tan solo una empresa peticion\u00f3 un incremento del 43% en lo que respecta al transporte. Asimismo, es incre\u00edble que luego de m\u00e1s de 28 a\u00f1os, las empresas generadoras y transportistas pidan incrementos, porque sus equipos dicen son obsoletos. Queremos saber entonces, que hicieron con todos los incrementos que se les otorgaron oportunamente en a\u00f1os anteriores y es m\u00e1s que evidente que jam\u00e1s han invertido en mejorar sus infraestructuras, lo que ha quedado a la vista en los \u00faltimos meses y a\u00f1os.<\/p>\n<p>El funcionario provincial resalt\u00f3 la necesidad del desarrollo de la competencia en el sector de generaci\u00f3n, que se concentre en energ\u00edas alternativas a fin de elevar la disponibilidad de recursos en el pa\u00eds y as\u00ed abastecer a la siempre creciente demanda. Asimismo, tanto en el segmento de la producci\u00f3n como en el de transporte de energ\u00eda el Ombudsman Provincial se\u00f1al\u00f3 la necesidad de realizaci\u00f3n de obras, en un caso que ampl\u00eden la capacidad de generaci\u00f3n y en el otro que modernicen y extiendan los tendidos en alta tensi\u00f3n. En otros puntos se volvi\u00f3 a insistir con la necesidad de que Formosa tenga una Tarifa Regional Diferenciada de Energ\u00eda, reclamo que ya tiene m\u00e1s de diez a\u00f1os dijo y que a\u00fan no tiene respuesta, nuestra provincia no dispone de gas por redes, es electrodependiente y adem\u00e1s afronta la imposici\u00f3n de tarifas que en verano se duplican por los valores estacionales, los cuales son impuestos teniendo en cuenta variables del consumo de las provincias centrales, pues en dicho periodos es donde menos ocupan la energ\u00eda a contrario de nosotros que afrontamos veranos muy calurosos lo que eleva enormemente el consumo por los equipos de refrigeraci\u00f3n. Un punto en el que Gialluca se detuvo particularmente fue en el de los subsidios, solicitando el mantenimiento de los mismos para los sectores econ\u00f3micamente m\u00e1s necesitados, la constituci\u00f3n de un padr\u00f3n de consumidores que permita focalizar las necesidades reales de cada hogar y que la enorme transferencia de recursos que realiza el Estado Nacional por este rubro se vea reflejado en obras por parte de las empresas generadoras y transportistas. Sintetizando, la representaci\u00f3n de Formosa pidi\u00f3 transparencia en el sistema, la mejora en la oferta de energ\u00eda, la adecuaci\u00f3n de redes y el mantenimiento de los subsidios en los casos en que ello sea justo y razonable. Lament\u00f3 la falta de participaci\u00f3n de sectores de las pymes, de los comercios, de la pol\u00edtica en la audiencia p\u00fablica pues existen luego sectores que ocupan mucho tiempo en Formosa y fuera de ella para falsear informaci\u00f3n a la gente y decirles que la fijaci\u00f3n de precios depende del Estado Provincial, es en estas instancias donde discutimos los precios finales que tendr\u00e1n las facturas en cada hogar pues la Secretar\u00eda de Energ\u00eda de la Naci\u00f3n es la que determina los incrementos y son estas instancias las \u00fanicas en las que podemos defender los intereses econ\u00f3micos de los usuarios de energ\u00eda de Formosa, lo cual demanda que sectores econ\u00f3micos, sociales y pol\u00edticos se comprometan realmente y trabajen para los formose\u00f1os.<\/p>\n<p>https:\/\/www.facebook.com\/photo\/?fbid=432325398552683&amp;set=a.308143654304192 https:\/\/twitter.com\/Defensoria11\/status\/1494364496793583620\/photo\/1<\/p>\n","protected":false},"excerpt":{"rendered":"<p>-La Defensor\u00eda del Pueblo de Formosa se opuso a las pretensiones de las empresas de que seamos los usuarios, ya sea directamente o indirectamente a trav\u00e9s de la eliminaci\u00f3n de subsidios los que tengamos que cubrir los d\u00e9ficits de caja de las mismas, cuando estas nunca han invertido lo suficiente para tener un servicio de [&hellip;]<\/p>\n","protected":false},"author":1,"featured_media":3909,"comment_status":"closed","ping_status":"closed","sticky":false,"template":"","format":"standard","meta":{"footnotes":""},"categories":[13,1,15],"tags":[],"class_list":["post-13062","post","type-post","status-publish","format-standard","has-post-thumbnail","hentry","category-audiencias","category-noticias","category-servicios"],"_links":{"self":[{"href":"https:\/\/defensoriaformosa.gob.ar\/index.php?rest_route=\/wp\/v2\/posts\/13062","targetHints":{"allow":["GET"]}}],"collection":[{"href":"https:\/\/defensoriaformosa.gob.ar\/index.php?rest_route=\/wp\/v2\/posts"}],"about":[{"href":"https:\/\/defensoriaformosa.gob.ar\/index.php?rest_route=\/wp\/v2\/types\/post"}],"author":[{"embeddable":true,"href":"https:\/\/defensoriaformosa.gob.ar\/index.php?rest_route=\/wp\/v2\/users\/1"}],"replies":[{"embeddable":true,"href":"https:\/\/defensoriaformosa.gob.ar\/index.php?rest_route=%2Fwp%2Fv2%2Fcomments&post=13062"}],"version-history":[{"count":1,"href":"https:\/\/defensoriaformosa.gob.ar\/index.php?rest_route=\/wp\/v2\/posts\/13062\/revisions"}],"predecessor-version":[{"id":13063,"href":"https:\/\/defensoriaformosa.gob.ar\/index.php?rest_route=\/wp\/v2\/posts\/13062\/revisions\/13063"}],"wp:featuredmedia":[{"embeddable":true,"href":"https:\/\/defensoriaformosa.gob.ar\/index.php?rest_route=\/wp\/v2\/media\/3909"}],"wp:attachment":[{"href":"https:\/\/defensoriaformosa.gob.ar\/index.php?rest_route=%2Fwp%2Fv2%2Fmedia&parent=13062"}],"wp:term":[{"taxonomy":"category","embeddable":true,"href":"https:\/\/defensoriaformosa.gob.ar\/index.php?rest_route=%2Fwp%2Fv2%2Fcategories&post=13062"},{"taxonomy":"post_tag","embeddable":true,"href":"https:\/\/defensoriaformosa.gob.ar\/index.php?rest_route=%2Fwp%2Fv2%2Ftags&post=13062"}],"curies":[{"name":"wp","href":"https:\/\/api.w.org\/{rel}","templated":true}]}}