{"id":13058,"date":"2022-02-22T16:36:42","date_gmt":"2022-02-22T19:36:42","guid":{"rendered":"https:\/\/defensoriaformosa.gob.ar\/?p=13058"},"modified":"2022-03-14T19:42:02","modified_gmt":"2022-03-14T22:42:02","slug":"afirmo-la-defensoria-que-la-violencia-entre-los-jovenes-tiene-causas-multiples-pero-la-principal-es-la-necesidad-de-alcanzar-un-sentimiento-de-existencia-o-de-no-sentirse-invisible","status":"publish","type":"post","link":"https:\/\/defensoriaformosa.gob.ar\/?p=13058","title":{"rendered":"AFIRM\u00d3 LA DEFENSOR\u00cdA QUE LA VIOLENCIA ENTRE LOS J\u00d3VENES TIENE CAUSAS M\u00daLTIPLES, PERO LA PRINCIPAL ES LA NECESIDAD DE ALCANZAR UN SENTIMIENTO DE EXISTENCIA O DE NO SENTIRSE INVISIBLE"},"content":{"rendered":"<p><strong>-Se ofrecen desde la Instituci\u00f3n diversos instrumentos y una nueva plataforma del Ministerio de Desarrollo Social de la Naci\u00f3n atendida por profesionales y que abarca diversas problem\u00e1ticas de ni\u00f1os y adolescentes. Gialluca se\u00f1al\u00f3, debemos preguntarnos, porque un menor de edad, sale armado, que pretende. \u00bfSentirse m\u00e1s entre sus pares, llamar la atenci\u00f3n?. Se\u00f1alo el Funcionario Provincial que la otra cara de la moneda, son las familias, hoy disgregadas por razones sociales, econ\u00f3micas, pol\u00edticas, sanitarias y hasta por la gran permisividad de los Responsables, donde siempre confundimos, libertad con libertinaje. &#8211;<\/strong><\/p>\n<p><!--more--><\/p>\n<p>El Defensor del Pueblo de la Provincia de Formosa, Dr. Jos\u00e9 Leonardo Gialluca, se\u00f1al\u00f3 el impacto negativo que viene sufriendo toda nuestra comunidad, frente a hechos diversos de violencia, en distintos estratos sociales y m\u00e1xime cuando todo finaliza con la p\u00e9rdida de la vida de una ni\u00f1a\/ni\u00f1o o adolescente. Es que la anomia esto es la falta de normas o incapacidad de la estructura social de proveer a ciertas personas de lo necesario para lograr sus metas en la sociedad, hace que las mismas se sientan marginadas e impotentes y entonces la violencia surge como respuesta de las mismas. En esto siempre surge la ira, como fracaso de la resoluci\u00f3n de conflictos por v\u00eda de la palabra, m\u00e1xime cuando se ha resquebrajado el contrato social, toda vez que los sujetos no se constituyan de manera aislada, sino en una permanente interacci\u00f3n con el otro. La muerte absurda de un menor de edad en el d\u00eda de ayer en nuestra Ciudad, \u201cno puede ser naturalizada como consecuencia de un simple hurto o robo, o violencia entre menores de edad o ciudadanos que forman parte de nuestra sociedad y que hasta se conocen entre los mismos\u201d. Es que en los \u00faltimos tiempos asistimos, a que los ciudadanos no son respetados, ni siquiera como clientes en algunos supermercados o en el transporte p\u00fablico de pasajeros, y tambi\u00e9n en \u00e1mbitos del Estado Nacional, Provincial y Municipal. En muchas ocasiones, las personas se sienten estafadas por respuestas que en definitiva equivalen, \u201ca una no respuesta\u201d, la p\u00e9rdida del valor de la palabra hace que pasemos directamente a actos violentos para sentirnos escuchados, esto es la violencia como un desesperado intento de alcanzar el sentimiento de existencia. Es que equivocadamente, los j\u00f3venes presumen que, si el otro se convierte en v\u00edctima de su violencia a\u00fan si lo lleva a la muerte, parad\u00f3jicamente se siente existir: al menos no se siente invisible. Por ello, si destruyo, existo; aunque finalmente el sujeto se est\u00e9 auto-destruyendo. En este sentido, desde el Organismo de la Constituci\u00f3n se ofrece a toda la comunidad nuestras \u00c1reas de Mediaci\u00f3n, Conciliaci\u00f3n y Resoluci\u00f3n de Conflictos, pero adem\u00e1s tambi\u00e9n sugerimos a los j\u00f3venes una nueva plataforma digital que se denomina \u201cHablemos de Todo\u201d, lanzada por el Ministerio de Desarrollo Social https:\/\/www.hablemosdetodo.gob.ar\/ y que tiene como objetivo llenar vac\u00edos con informaci\u00f3n amigable y visual donde cualquier joven puede aprender y hacer preguntas de manera an\u00f3nima sobre tem\u00e1ticas como violencia, acoso laboral, trastornos alimentarios, prevenci\u00f3n del suicidio, drogas, acoso escolar, sexualidad, violencia de g\u00e9nero y otras; donde esta plataforma participativa e interactiva tambi\u00e9n permite hablar directamente con un experto o profesionales de 8 am a 8 pm de lunes a viernes. Somos conscientes de que cualquier plataforma digital, enfrenta limitaciones en t\u00e9rminos de acceso, como por ejemplo aquellos j\u00f3venes que no tienen internet, o que no tienen suficiente privacidad, y es por ello que volvemos a sugerir a cualquier ciudadano poder contactarse a nuestros correos electr\u00f3nicos denuncia@formosa.gov.ar \u2013 depuefor@fibertel.com.ar donde ser\u00e1n atendidos inmediatamente, como as\u00ed tambi\u00e9n a los n\u00fameros de tel\u00e9fono de whatsapp 370 4684343 \u2013 370 4365924 \u2013 370 5017544 \u2013 370 4073359 \u2013 370 4302720 \u2013 370 4021614, a estos n\u00fameros se puede contactar la persona, cualquier d\u00eda de la semana.<\/p>\n","protected":false},"excerpt":{"rendered":"<p>-Se ofrecen desde la Instituci\u00f3n diversos instrumentos y una nueva plataforma del Ministerio de Desarrollo Social de la Naci\u00f3n atendida por profesionales y que abarca diversas problem\u00e1ticas de ni\u00f1os y adolescentes. Gialluca se\u00f1al\u00f3, debemos preguntarnos, porque un menor de edad, sale armado, que pretende. \u00bfSentirse m\u00e1s entre sus pares, llamar la atenci\u00f3n?. Se\u00f1alo el Funcionario [&hellip;]<\/p>\n","protected":false},"author":1,"featured_media":5677,"comment_status":"closed","ping_status":"closed","sticky":false,"template":"","format":"standard","meta":{"footnotes":""},"categories":[20,1],"tags":[],"class_list":["post-13058","post","type-post","status-publish","format-standard","has-post-thumbnail","hentry","category-ninez","category-noticias"],"_links":{"self":[{"href":"https:\/\/defensoriaformosa.gob.ar\/index.php?rest_route=\/wp\/v2\/posts\/13058","targetHints":{"allow":["GET"]}}],"collection":[{"href":"https:\/\/defensoriaformosa.gob.ar\/index.php?rest_route=\/wp\/v2\/posts"}],"about":[{"href":"https:\/\/defensoriaformosa.gob.ar\/index.php?rest_route=\/wp\/v2\/types\/post"}],"author":[{"embeddable":true,"href":"https:\/\/defensoriaformosa.gob.ar\/index.php?rest_route=\/wp\/v2\/users\/1"}],"replies":[{"embeddable":true,"href":"https:\/\/defensoriaformosa.gob.ar\/index.php?rest_route=%2Fwp%2Fv2%2Fcomments&post=13058"}],"version-history":[{"count":2,"href":"https:\/\/defensoriaformosa.gob.ar\/index.php?rest_route=\/wp\/v2\/posts\/13058\/revisions"}],"predecessor-version":[{"id":13088,"href":"https:\/\/defensoriaformosa.gob.ar\/index.php?rest_route=\/wp\/v2\/posts\/13058\/revisions\/13088"}],"wp:featuredmedia":[{"embeddable":true,"href":"https:\/\/defensoriaformosa.gob.ar\/index.php?rest_route=\/wp\/v2\/media\/5677"}],"wp:attachment":[{"href":"https:\/\/defensoriaformosa.gob.ar\/index.php?rest_route=%2Fwp%2Fv2%2Fmedia&parent=13058"}],"wp:term":[{"taxonomy":"category","embeddable":true,"href":"https:\/\/defensoriaformosa.gob.ar\/index.php?rest_route=%2Fwp%2Fv2%2Fcategories&post=13058"},{"taxonomy":"post_tag","embeddable":true,"href":"https:\/\/defensoriaformosa.gob.ar\/index.php?rest_route=%2Fwp%2Fv2%2Ftags&post=13058"}],"curies":[{"name":"wp","href":"https:\/\/api.w.org\/{rel}","templated":true}]}}