{"id":13054,"date":"2022-02-17T16:29:49","date_gmt":"2022-02-17T19:29:49","guid":{"rendered":"https:\/\/defensoriaformosa.gob.ar\/?p=13054"},"modified":"2022-03-14T19:51:49","modified_gmt":"2022-03-14T22:51:49","slug":"la-defensoria-del-pueblo-espera-que-la-municipalidad-de-clorinda-exija-a-frigorifico-e-i-a","status":"publish","type":"post","link":"https:\/\/defensoriaformosa.gob.ar\/?p=13054","title":{"rendered":"LA DEFENSOR\u00cdA DEL PUEBLO ESPERA QUE LA MUNICIPALIDAD DE CLORINDA EXIJA A FRIGOR\u00cdFICO E.I.A"},"content":{"rendered":"<p><strong>El Defensor del Pueblo Dr. Jos\u00e9 Leonardo Gialluca, manifest\u00f3 que esperamos que el Poder Ejecutivo Municipal o el Consejo Deliberante, exijan al \u00fanico Frigor\u00edfico de la Ciudad de Clorinda, a que lleve adelante, el correspondiente Estudio de Impacto Ambiental, conforme fuera INTIMADO ya en el a\u00f1o 2019 y tambi\u00e9n en el presente a\u00f1o 2022, sin que d\u00e9 respuestas a las Autoridades Competentes del Ministerio de la Producci\u00f3n y Ambiente (Subsecretar\u00eda de Ordenamiento y Calidad Ambiental) y menos a\u00fan a la UPCA en relaci\u00f3n a las normativas del C\u00f3digo de Aguas. <\/strong><\/p>\n<p><!--more--><\/p>\n<p>Gialluca, se\u00f1al\u00f3, que el Apoderado Legal del Frigor\u00edfico, se apersono por ante el organismo de la Constituci\u00f3n Provincial y se comprometi\u00f3 a realizar todas las gestiones necesarias para estar de acuerdo a derecho. En dicha oportunidad, se le hizo conocer, que el EIA deber\u00eda hab\u00e9rsele exigido al momento de su habitaci\u00f3n, pero que, somos respetuosos de las decisiones de Polic\u00eda Municipal, sin olvidarnos nunca de que las Autoridades Competentes Provinciales, exigir\u00e1n, que no contaminen el ambiente y menos se constituyan en un peligro para la salud de los vecinos. Hemos quedado a la espera de lo que haga el Frigor\u00edfico y el Consejo Deliberante ahora, pues todas las empresas sin excepci\u00f3n deben tener y renovar anualmente o semestralmente, los EIA, para conocer si funcionan adecuadamente. Sabemos, que, por mes, faenan miles de animales, donde la mayor\u00eda son vendidos al exterior. Esto implica que est\u00e1n d\u00e1ndole mano de obra a muchos formose\u00f1os y ello para nosotros es muy importante. Tambi\u00e9n el aprovechamiento de \u00bb toda la vaca\u201d, pues nada queda en el frigor\u00edfico, todo es comercializado y es aqu\u00ed donde sus due\u00f1os o responsables deben invertir en m\u00e1s y mejores instalaciones que sean amigables con el ambiente y tambi\u00e9n que no se da\u00f1e la salud o integridad psicof\u00edsica de los vecinos. Por \u00faltimo, Gialluca, aclar\u00f3, que aqu\u00ed no vamos a permitir que se \u00abmetan intereses pol\u00edticos de sectores, pues est\u00e1 de por medio la vida y la salud de la gente\u201d. As\u00ed que el funcionario provincial, concluy\u00f3 que vamos a continuar trabajando a favor de los vecinos y nos vamos a reunir con ellos, cuando tengamos, toda la documentaci\u00f3n necesaria que nos garantice, la calidad de vida de los mismos.<\/p>\n<p>&nbsp;<\/p>\n","protected":false},"excerpt":{"rendered":"<p>El Defensor del Pueblo Dr. Jos\u00e9 Leonardo Gialluca, manifest\u00f3 que esperamos que el Poder Ejecutivo Municipal o el Consejo Deliberante, exijan al \u00fanico Frigor\u00edfico de la Ciudad de Clorinda, a que lleve adelante, el correspondiente Estudio de Impacto Ambiental, conforme fuera INTIMADO ya en el a\u00f1o 2019 y tambi\u00e9n en el presente a\u00f1o 2022, sin [&hellip;]<\/p>\n","protected":false},"author":1,"featured_media":8799,"comment_status":"closed","ping_status":"closed","sticky":false,"template":"","format":"standard","meta":{"footnotes":""},"categories":[5,1],"tags":[],"class_list":["post-13054","post","type-post","status-publish","format-standard","has-post-thumbnail","hentry","category-ambiente-y-desarrollo-sustentable","category-noticias"],"_links":{"self":[{"href":"https:\/\/defensoriaformosa.gob.ar\/index.php?rest_route=\/wp\/v2\/posts\/13054","targetHints":{"allow":["GET"]}}],"collection":[{"href":"https:\/\/defensoriaformosa.gob.ar\/index.php?rest_route=\/wp\/v2\/posts"}],"about":[{"href":"https:\/\/defensoriaformosa.gob.ar\/index.php?rest_route=\/wp\/v2\/types\/post"}],"author":[{"embeddable":true,"href":"https:\/\/defensoriaformosa.gob.ar\/index.php?rest_route=\/wp\/v2\/users\/1"}],"replies":[{"embeddable":true,"href":"https:\/\/defensoriaformosa.gob.ar\/index.php?rest_route=%2Fwp%2Fv2%2Fcomments&post=13054"}],"version-history":[{"count":2,"href":"https:\/\/defensoriaformosa.gob.ar\/index.php?rest_route=\/wp\/v2\/posts\/13054\/revisions"}],"predecessor-version":[{"id":13105,"href":"https:\/\/defensoriaformosa.gob.ar\/index.php?rest_route=\/wp\/v2\/posts\/13054\/revisions\/13105"}],"wp:featuredmedia":[{"embeddable":true,"href":"https:\/\/defensoriaformosa.gob.ar\/index.php?rest_route=\/wp\/v2\/media\/8799"}],"wp:attachment":[{"href":"https:\/\/defensoriaformosa.gob.ar\/index.php?rest_route=%2Fwp%2Fv2%2Fmedia&parent=13054"}],"wp:term":[{"taxonomy":"category","embeddable":true,"href":"https:\/\/defensoriaformosa.gob.ar\/index.php?rest_route=%2Fwp%2Fv2%2Fcategories&post=13054"},{"taxonomy":"post_tag","embeddable":true,"href":"https:\/\/defensoriaformosa.gob.ar\/index.php?rest_route=%2Fwp%2Fv2%2Ftags&post=13054"}],"curies":[{"name":"wp","href":"https:\/\/api.w.org\/{rel}","templated":true}]}}