{"id":12997,"date":"2022-02-13T18:12:06","date_gmt":"2022-02-13T21:12:06","guid":{"rendered":"https:\/\/2015.defensoriaformosa.gob.ar\/?p=12997"},"modified":"2022-03-14T19:06:44","modified_gmt":"2022-03-14T22:06:44","slug":"se-denuncio-que-la-empresa-interfor-srl-no-cumple-con-el-acuerdo-verbal-de-atender-por-dia-cuatro-vehiculos-afectados-al-servicio-de-remises","status":"publish","type":"post","link":"https:\/\/defensoriaformosa.gob.ar\/?p=12997","title":{"rendered":"SE DENUNCIO QUE LA EMPRESA INTERFOR SRL NO CUMPLE CON EL ACUERDO VERBAL DE ATENDER POR DIA CUATRO VEHICULOS AFECTADOS AL SERVICIO DE REMISES"},"content":{"rendered":"<p><strong>El Representante del Gremio de Remiseros -UCAIRRA Seccional Formosa-, consider\u00f3 que, si INTERFOR cumple con el Acuerdo Verbal arribado con el Subsecretario de Transporte de la Municipalidad, ellos no tendr\u00edan ning\u00fan inconveniente, el problema se origina en la falta de cumplimiento del antes citado-<\/strong><!--more--><\/p>\n<p>Se llev\u00f3 a cabo una -Reuni\u00f3n de Trabajo- en la Sede de la Defensor\u00eda del Pueblo y de la cual participaron el Representante del Gremio de Remiseros -UCAIRRA Seccional Formosa-, Secretario Adjunto e Inspector Sr. Hern\u00e1n Rodolfo Mucherli, quien fue recibido por el Defensor del Pueblo Dr. Jos\u00e9 Leonardo Gialluca, el Asesor Legal Dr. Mart\u00edn Paraj\u00f3n y Ornella Barraza. Gialluca explic\u00f3 que el motivo de la presente reuni\u00f3n se corresponde con la necesidad del sector de remiseros y taxistas de la Ciudad de Formosa de contar con la Revisi\u00f3n T\u00e9cnica Obligatoria (RTO), como \u00faltimo paso requerido para la habilitaci\u00f3n de los veh\u00edculos de trabajo y adem\u00e1s tambi\u00e9n para aquellos que se encuentran brindando este servicio. El Ombudsman Provincial, informa que a las 8:40hs del d\u00eda jueves 10 del corriente mes y a\u00f1o, se present\u00f3 un descargo enviado por la Empresa INTERFOR S.R.L., responsable de realizar la RTO en toda la provincia, en la cual expresa que no existe ning\u00fan pedido formal de parte del mencionado gremio para dar prioridad en la atenci\u00f3n a estos veh\u00edculos. Asimismo, se\u00f1ala que la problem\u00e1tica ya fue atendida mediante un -Acuerdo Verbal- entre el Secretario General de UCAIRRA Sr. Ernesto Luis Rivas y el Subsecretario de Transporte de la Municipalidad de Formosa Dr. Jos\u00e9 A. Olmedo, el cual consiste en la atenci\u00f3n de cuatro (4) veh\u00edculos afectados o a afectarse, al servicio de remises por d\u00eda: dos (2) en el turno de la ma\u00f1ana y dos (2) en el turno de la tarde, completando as\u00ed un cupo de cuatro (4) automotores por d\u00eda. En este punto, el Sr. Mucherli, manifiesta que antes de fin de a\u00f1o mantuvo conversaciones con el Ingeniero Fernando Granada, Director T\u00e9cnico de INTERFOR en las cuales explic\u00f3 la situaci\u00f3n respecto a los turnos de atenci\u00f3n para la RTO, que luego de esto llegaron a un \u201cAcuerdo Verbal\u201d, el cual no se est\u00e1 cumpliendo actualmente. Tambi\u00e9n expresa que UCAIRRA es el \u00fanico sindicato de remiseros y taxistas en Formosa, al cual est\u00e1n adheridos el 60% de los remises que trabajan en este momento. Que, en relaci\u00f3n a lo se\u00f1alado en la nota presentada por INTERFOR S.R.L., est\u00e1 de acuerdo con el cupo dispuesto, si se cumpliera como es debido en la pr\u00e1ctica. Es por ello que se definen cuatro acciones a llevarse a cabo la semana entrando: 1) Solicitar en este acto al Sindicato UCAIRRA Seccional Formosa a presentar copia de la personer\u00eda jur\u00eddica en el plazo de tres (3) d\u00edas a partir del d\u00eda de la fecha; 2) Intimar de manera urgente a la Empresa INTERFOR SRL a que cumpla acabadamente con el Acuerdo mencionado por los mismos, el cual establece la atenci\u00f3n de cuatro (4) veh\u00edculos afectados o a afectarse al servicio de remises para su RTO por d\u00eda, dos (2) en el turno de la ma\u00f1ana y dos (2) en el turno de la tarde; 3) Sugerir que se adopten medidas necesarias de sentido com\u00fan, para la atenci\u00f3n de remises y taxis en lo que respecta a la obtenci\u00f3n de la RTO; 4) Fijar una pr\u00f3xima -Reuni\u00f3n de Trabajo- entre las partes para el d\u00eda mi\u00e9rcoles 16 de febrero del corriente a\u00f1o, a las 11hs y en la cual ser\u00e1 citado el Subsecretario de Transporte de la Municipalidad de Formosa Dr. Jos\u00e9 A. Olmedo. Por \u00faltimo, el Sr. Mucherli ilustra que actualmente han disminuido considerablemente las unidades de remises y taxis que est\u00e1n trabajando que, aumentado la demanda en relaci\u00f3n a a\u00f1os anteriores, pero tambi\u00e9n consider\u00f3 como necesario, una recomposici\u00f3n tarifaria, toda vez que, para este trabajo, los costos o precios de neum\u00e1ticos, repuestos y otros elementos, han subido considerablemente y por lo tanto, van a peticionar una readecuaci\u00f3n. En este sentido, Gialluca le solicit\u00f3 a Mucherli, \u201cque todos los remises utilicen e instalen de una vez por todas los od\u00f3metros, puesto que, permanentemente estamos recibiendo denuncias o quejas por los valores diversos o abusivos que cobran algunos remiseros\u201d.<\/p>\n<p>&nbsp;<\/p>\n","protected":false},"excerpt":{"rendered":"<p>El Representante del Gremio de Remiseros -UCAIRRA Seccional Formosa-, consider\u00f3 que, si INTERFOR cumple con el Acuerdo Verbal arribado con el Subsecretario de Transporte de la Municipalidad, ellos no tendr\u00edan ning\u00fan inconveniente, el problema se origina en la falta de cumplimiento del antes citado-<\/p>\n","protected":false},"author":1,"featured_media":12998,"comment_status":"closed","ping_status":"closed","sticky":false,"template":"","format":"standard","meta":{"footnotes":""},"categories":[1],"tags":[],"class_list":["post-12997","post","type-post","status-publish","format-standard","has-post-thumbnail","hentry","category-noticias"],"_links":{"self":[{"href":"https:\/\/defensoriaformosa.gob.ar\/index.php?rest_route=\/wp\/v2\/posts\/12997","targetHints":{"allow":["GET"]}}],"collection":[{"href":"https:\/\/defensoriaformosa.gob.ar\/index.php?rest_route=\/wp\/v2\/posts"}],"about":[{"href":"https:\/\/defensoriaformosa.gob.ar\/index.php?rest_route=\/wp\/v2\/types\/post"}],"author":[{"embeddable":true,"href":"https:\/\/defensoriaformosa.gob.ar\/index.php?rest_route=\/wp\/v2\/users\/1"}],"replies":[{"embeddable":true,"href":"https:\/\/defensoriaformosa.gob.ar\/index.php?rest_route=%2Fwp%2Fv2%2Fcomments&post=12997"}],"version-history":[{"count":3,"href":"https:\/\/defensoriaformosa.gob.ar\/index.php?rest_route=\/wp\/v2\/posts\/12997\/revisions"}],"predecessor-version":[{"id":13101,"href":"https:\/\/defensoriaformosa.gob.ar\/index.php?rest_route=\/wp\/v2\/posts\/12997\/revisions\/13101"}],"wp:featuredmedia":[{"embeddable":true,"href":"https:\/\/defensoriaformosa.gob.ar\/index.php?rest_route=\/wp\/v2\/media\/12998"}],"wp:attachment":[{"href":"https:\/\/defensoriaformosa.gob.ar\/index.php?rest_route=%2Fwp%2Fv2%2Fmedia&parent=12997"}],"wp:term":[{"taxonomy":"category","embeddable":true,"href":"https:\/\/defensoriaformosa.gob.ar\/index.php?rest_route=%2Fwp%2Fv2%2Fcategories&post=12997"},{"taxonomy":"post_tag","embeddable":true,"href":"https:\/\/defensoriaformosa.gob.ar\/index.php?rest_route=%2Fwp%2Fv2%2Ftags&post=12997"}],"curies":[{"name":"wp","href":"https:\/\/api.w.org\/{rel}","templated":true}]}}