{"id":12965,"date":"2022-02-10T18:19:23","date_gmt":"2022-02-10T21:19:23","guid":{"rendered":"https:\/\/2015.defensoriaformosa.gob.ar\/?p=12965"},"modified":"2022-02-10T18:19:23","modified_gmt":"2022-02-10T21:19:23","slug":"la-comision-nacional-de-emergencia-y-desastre-sera-el-ambito-donde-las-provincias-afectadas-buscaran-la-obtencion-de-los-fondos-necesarios-para-enfrentar-las-emergencias-agropecuarias","status":"publish","type":"post","link":"https:\/\/defensoriaformosa.gob.ar\/?p=12965","title":{"rendered":"LA COMISION NACIONAL DE EMERGENCIA Y DESASTRE SERA EL AMBITO DONDE LAS PROVINCIAS AFECTADAS BUSCARAN LA OBTENCION DE LOS FONDOS NECESARIOS PARA ENFRENTAR LAS EMERGENCIAS AGROPECUARIAS"},"content":{"rendered":"<p>-Los Productores Agropecuarios liderados por P\u00e1nfilo Ayala de la FFA Filial Laguna Naineck, en una Asamblea donde se dio lectura a la documentaci\u00f3n enviada por la Defensor\u00eda del Pueblo, decidieron levantar totalmente el corte de la Ruta Nacional N\u00ba 86 y retirarse de las banquinas. Gialluca se\u00f1al\u00f3 que, el d\u00eda 17 de febrero del corriente a\u00f1o en CABA, participar\u00e1n las provincias que han decretado las emergencias agropecuarias y donde buscar\u00e1n la homologaci\u00f3n de las mismas, para poder luego gestionar los recursos necesarios que permitan auxiliar a los peque\u00f1os y medianos productores. Se mantiene \u00ednterin abierto todos los canales de di\u00e1logos con los peque\u00f1os productores de nuestra provincia-<!--more--><\/p>\n<p>El Defensor del Pueblo de la Provincia de Formosa, Dr. Jos\u00e9 Leonardo Gialluca, remiti\u00f3 el d\u00eda de ayer a las 15:00 hs, la Nota Nro. 51 de fecha 10 de febrero del corriente a\u00f1o, suscripta por el MPyA Dr. Ra\u00fal Omar Quintana, en primer t\u00e9rmino, al Presidente de la FFA Filial Laguna Naineck P\u00e1nfilo Ayala, como as\u00ed tambi\u00e9n al Comandante Abel Ra\u00fal Vel\u00e1zquez Jefe del Escuadr\u00f3n XVI de Gendarmer\u00eda Nacional. En la misma, se hace referencia a la Declaraci\u00f3n de Emergencia Agropecuaria concretada mediante el Decreto Provincial de Emergencia N\u00ba 13\/22 de fecha 7 de febrero del corriente a\u00f1o y que fue difundido ampliamente por todos los medios y replicado en las redes sociales. En relaci\u00f3n a la ayuda econ\u00f3mica solicitada, se inform\u00f3 a los peque\u00f1os productores que los t\u00e9cnicos de los Organismos del Estado se encuentran trabajando en su determinaci\u00f3n final, teniendo en cuenta la din\u00e1mica del ambiente, los cultivos, la producci\u00f3n ganadera, ap\u00edcola y hortalizas, con el objeto de precisar los efectos de los da\u00f1os y las p\u00e9rdidas econ\u00f3micas, resalt\u00e1ndose que la emergencia decretada tiene una cobertura de la totalidad del territorio provincial y por lo tanto, los efectos y sus consecuencias van a ser contemplados a nivel predial. Es que la gesti\u00f3n de recursos, requiere de procedimientos administrativos que se han iniciado con la convocatoria de la Comisi\u00f3n de Emergencia Provincial, proponiendo la declaraci\u00f3n de emergencia dictada por el Gobernador de la Provincia a trav\u00e9s del Decreto Provincial N\u00ba 13\/22. Posteriormente, se iniciar\u00e1n las gestiones a nivel nacional, donde la provincia tendr\u00e1 la oportunidad de participar en la convocatoria de la Comisi\u00f3n Nacional de Emergencia y Desastre realizada por el MAGyP de Naci\u00f3n a cargo del Dr Juli\u00e1n Andr\u00e9s Dom\u00ednguez, que se llevar\u00e1 a cabo el d\u00eda 17 de febrero en la Ciudad de Buenos Aires. De esta, van a participar todas las provincias que se encuentran en id\u00e9ntica etapa de gesti\u00f3n y de esta manera se har\u00e1n las evaluaciones necesarias y con su homologaci\u00f3n, se podr\u00e1 continuar, \u201ccon la gesti\u00f3n que permitir\u00eda la obtenci\u00f3n de recursos provenientes de fondos destinados a las emergencias agropecuarias de cada una de las diferentes Jurisdicciones\u201d. Por \u00faltimo, Gialluca en contacto personal con el Se\u00f1or P\u00e1nfilo Ayala, acordaron mantener este canal de di\u00e1logo Institucional abierto para avanzar posteriormente en otros espacios y as\u00ed obtener las ayudas especialmente para todos los peque\u00f1os productores de nuestra provincia, quienes han sido duramente castigados por la sequ\u00eda y los incendios, como as\u00ed tambi\u00e9n en las ayudas sociales, sanitarias y de otras caracter\u00edsticas que se presenten en las diferentes Colonias y es aqu\u00ed donde las partes coincidieron en la necesidad de proseguir trabajando mancomunadamente.<br \/>\nhttps:\/\/www.facebook.com\/photo\/?fbid=427633189021904&#038;set=a.308143654304192<br \/>\nhttps:\/\/twitter.com\/Defensoria11\/status\/1491851843642793984\/photo\/1<\/p>\n","protected":false},"excerpt":{"rendered":"<p>-Los Productores Agropecuarios liderados por P\u00e1nfilo Ayala de la FFA Filial Laguna Naineck, en una Asamblea donde se dio lectura a la documentaci\u00f3n enviada por la Defensor\u00eda del Pueblo, decidieron levantar totalmente el corte de la Ruta Nacional N\u00ba 86 y retirarse de las banquinas. Gialluca se\u00f1al\u00f3 que, el d\u00eda 17 de febrero del corriente [&hellip;]<\/p>\n","protected":false},"author":1,"featured_media":12966,"comment_status":"closed","ping_status":"closed","sticky":false,"template":"","format":"standard","meta":{"footnotes":""},"categories":[1],"tags":[],"class_list":["post-12965","post","type-post","status-publish","format-standard","has-post-thumbnail","hentry","category-noticias"],"_links":{"self":[{"href":"https:\/\/defensoriaformosa.gob.ar\/index.php?rest_route=\/wp\/v2\/posts\/12965","targetHints":{"allow":["GET"]}}],"collection":[{"href":"https:\/\/defensoriaformosa.gob.ar\/index.php?rest_route=\/wp\/v2\/posts"}],"about":[{"href":"https:\/\/defensoriaformosa.gob.ar\/index.php?rest_route=\/wp\/v2\/types\/post"}],"author":[{"embeddable":true,"href":"https:\/\/defensoriaformosa.gob.ar\/index.php?rest_route=\/wp\/v2\/users\/1"}],"replies":[{"embeddable":true,"href":"https:\/\/defensoriaformosa.gob.ar\/index.php?rest_route=%2Fwp%2Fv2%2Fcomments&post=12965"}],"version-history":[{"count":1,"href":"https:\/\/defensoriaformosa.gob.ar\/index.php?rest_route=\/wp\/v2\/posts\/12965\/revisions"}],"predecessor-version":[{"id":12967,"href":"https:\/\/defensoriaformosa.gob.ar\/index.php?rest_route=\/wp\/v2\/posts\/12965\/revisions\/12967"}],"wp:featuredmedia":[{"embeddable":true,"href":"https:\/\/defensoriaformosa.gob.ar\/index.php?rest_route=\/wp\/v2\/media\/12966"}],"wp:attachment":[{"href":"https:\/\/defensoriaformosa.gob.ar\/index.php?rest_route=%2Fwp%2Fv2%2Fmedia&parent=12965"}],"wp:term":[{"taxonomy":"category","embeddable":true,"href":"https:\/\/defensoriaformosa.gob.ar\/index.php?rest_route=%2Fwp%2Fv2%2Fcategories&post=12965"},{"taxonomy":"post_tag","embeddable":true,"href":"https:\/\/defensoriaformosa.gob.ar\/index.php?rest_route=%2Fwp%2Fv2%2Ftags&post=12965"}],"curies":[{"name":"wp","href":"https:\/\/api.w.org\/{rel}","templated":true}]}}