{"id":12962,"date":"2022-02-09T21:50:03","date_gmt":"2022-02-10T00:50:03","guid":{"rendered":"https:\/\/2015.defensoriaformosa.gob.ar\/?p=12962"},"modified":"2022-02-09T21:50:03","modified_gmt":"2022-02-10T00:50:03","slug":"se-libero-la-traza-de-la-ruta-nacional-no-86-luego-de-un-acuerdo-entre-la-defensoria-con-los-pequenos-productores-de-la-ffa-filial-laguna-naineck","status":"publish","type":"post","link":"https:\/\/defensoriaformosa.gob.ar\/?p=12962","title":{"rendered":"SE LIBERO LA TRAZA DE LA RUTA NACIONAL N\u00ba 86 LUEGO DE UN ACUERDO ENTRE LA DEFENSORIA CON LOS PEQUE\u00d1OS PRODUCTORES DE LA FFA FILIAL LAGUNA NAINECK"},"content":{"rendered":"<p>El Ombudsman Provincial, se\u00f1al\u00f3 que, todas las Entidades, incluidas la que preside P\u00e1nfilo Ayala, participaron de las reuniones de donde surgieron los diversos elementos e informaci\u00f3n que origin\u00f3 la Declaraci\u00f3n de Emergencia Agropecuaria a\u00fan no homologada a nivel nacional y que ya hoy est\u00e1n cuestionando y por ello les pedimos que deben apostar a los espacios de di\u00e1logos y no a los cortes de rutas que terminan perjudicando a otros peque\u00f1os productores formose\u00f1os que no pudieron trasladar el producto de su trabajo hasta Clorinda y obviamente a todos aquellos ciudadanos que tienen el derecho de transitar libremente por cualquier ruta de nuestra Jurisdicci\u00f3n-<\/p>\n<p><!--more--><\/p>\n<p>El Defensor del Pueblo de la Provincia de Formosa, Dr. Jos\u00e9 Leonardo Gialluca, recibi\u00f3 el pedido de mediaci\u00f3n por el corte de la Ruta Nacional N\u00ba 86 de parte del Jefe del Escuadr\u00f3n 16 \u00abClorinda\u00bb de Gendarmer\u00eda Nacional, Comandante Abel Ra\u00fal Vel\u00e1zquez, toda vez que un grupo reducido de peque\u00f1os productores agropecuarios, liderados por P\u00e1nfilo Ayala de la FFA Filial Laguna Naineck, desde el d\u00eda de ayer en disconformidad por la Declaraci\u00f3n de Emergencia Agropecuaria para las actividades ganadera y ap\u00edcola de los establecimientos ubicados en toda la Provincia de Formosa y para la agr\u00edcola en los Departamentos Formosa, Laish\u00ed, Pilcomayo, Piran\u00e9, Pilag\u00e1, Pati\u00f1o y Bermejo, determinada por el Decreto N\u00ba 13 del Gobernador Dr. Gildo Insfr\u00e1n; llevaban a cabo un \u201cpiquete\u201d a la altura del km 1.314 en cercan\u00edas a la Colonia Palma Sola. Esta medida de fuerza, advirti\u00f3 el Ombudsman Provincial constituye un delito contemplado en nuestro C\u00f3digo Penal y adem\u00e1s en los hechos, perjudica a centenares de ciudadanos que necesitan transitar por distintos motivos por dicha traza, siendo que el d\u00eda de ayer tambi\u00e9n, \u201cse lleg\u00f3 a damnificar a otros peque\u00f1os productores de El Para\u00edso, San Juan, que deb\u00edan trasladar su producci\u00f3n hasta la Ciudad de Clorinda y que por este piquete no lo pudieron hacer\u201d. Siendo aproximadamente las 17:00 horas y luego de m\u00faltiples comunicaciones entre las partes, se logr\u00f3 la liberaci\u00f3n total de la RN N\u00ba 86, dado que, desde la Defensor\u00eda del Pueblo, se comprometieron a presentar la Nota Nro. 1 fechada el 31 de enero del corriente a\u00f1o y suscripta por el Presidente y Secretario de la FFA Filial Laguna Naineck ante las Autoridades Competentes para su debido tratamiento. A su turno, Gialluca expres\u00f3 que, con seguridad tendremos una respuesta desde el Ministerio de la Producci\u00f3n y Ambiente a cargo del Dr. Ra\u00fal Quintana, la que ser\u00e1 trasladada y presentada luego a los reclamantes. En este marco, el Funcionario Provincial, \u201cadvirti\u00f3 que se debe ser coherentes y altamente razonables en estos momentos en que las declaraciones de emergencias agropecuarias, vienen siendo pronunciadas por m\u00e1s de 12 provincias hasta la fecha\u201d y en tal sentido record\u00f3 que en el mes de enero del corriente a\u00f1o, se reuni\u00f3 la -Mesa Agr\u00edcola Provincial- en Laguna Naineck y donde participaron entre otros, los actuales manifestantes, expresando en ese momento estar totalmente de acuerdo con todo lo all\u00ed expuesto y que posteriormente fuera tramitado mediante los canales Institucionales correspondientes, lo que culmin\u00f3 justamente con la Declaraci\u00f3n de Emergencia Agropecuaria que hoy est\u00e1n cuestionando. Por otra parte, Gialluca record\u00f3 que, a\u00fan resta la homologaci\u00f3n de esta medida y adem\u00e1s todas las Entidades que nuclean a los productores, ya sean peque\u00f1os o medianos, \u201cconocen perfectamente que los fondos para emergencias agropecuarias, son de tan solo $500 millones que no se actualizan desde el a\u00f1o 2009 y por ello en la actualidad tanto el Gobierno Nacional, como los Provinciales, est\u00e1n trabajando para poder auxiliar a todos aquellos que se vieron y se ven afectados por las sequ\u00edas, incendios y cambios clim\u00e1ticos que golpean a los productores en general\u201d. Nos parece entonces altamente apresurada la decisi\u00f3n de la FFA Filial Laguna Naineck, quienes ya est\u00e1n exigiendo -Aportes No Reembolsables- de 80 mil pesos por hect\u00e1rea para la banana, 40 mil para la mandioca y batata, 30 mil para el ma\u00edz, 25 mil para las cucurbit\u00e1ceas, 30 mil para las hortalizas y verdeos, 70 mil para algod\u00f3n y para la ganader\u00eda, reponer alambrados, grampas, balancines, alambre de atacar, postes, accesorios para bombeo de agua y la excepci\u00f3n por 5 a\u00f1os de pagar los impuestos inmobiliarios. Afirmamos esto ya que, con estas posturas una sola Colonia por ejemplo, se llevar\u00eda 200 millones de Aportes No Reembolsables (ANR) y aqu\u00ed ante esta emergencia, la asistencia debe ser para todos y en la medida de lo posible, y por ello es que continuaremos apostando a las aperturas de canales de di\u00e1logos y de espacios, para llegar a Acuerdos razonables que impliquen la contemplaci\u00f3n de todos los intereses en juego frente a la dif\u00edcil situaci\u00f3n que viven nuestros productores.<\/p>\n<p>https:\/\/www.facebook.com\/photo\/?fbid=427001275751762&#038;set=a.308143654304192<br \/>\nhttps:\/\/twitter.com\/Defensoria11\/status\/1491520901141172224\/photo\/1<\/p>\n","protected":false},"excerpt":{"rendered":"<p>El Ombudsman Provincial, se\u00f1al\u00f3 que, todas las Entidades, incluidas la que preside P\u00e1nfilo Ayala, participaron de las reuniones de donde surgieron los diversos elementos e informaci\u00f3n que origin\u00f3 la Declaraci\u00f3n de Emergencia Agropecuaria a\u00fan no homologada a nivel nacional y que ya hoy est\u00e1n cuestionando y por ello les pedimos que deben apostar a los [&hellip;]<\/p>\n","protected":false},"author":1,"featured_media":12963,"comment_status":"closed","ping_status":"closed","sticky":false,"template":"","format":"standard","meta":{"footnotes":""},"categories":[1],"tags":[],"class_list":["post-12962","post","type-post","status-publish","format-standard","has-post-thumbnail","hentry","category-noticias"],"_links":{"self":[{"href":"https:\/\/defensoriaformosa.gob.ar\/index.php?rest_route=\/wp\/v2\/posts\/12962","targetHints":{"allow":["GET"]}}],"collection":[{"href":"https:\/\/defensoriaformosa.gob.ar\/index.php?rest_route=\/wp\/v2\/posts"}],"about":[{"href":"https:\/\/defensoriaformosa.gob.ar\/index.php?rest_route=\/wp\/v2\/types\/post"}],"author":[{"embeddable":true,"href":"https:\/\/defensoriaformosa.gob.ar\/index.php?rest_route=\/wp\/v2\/users\/1"}],"replies":[{"embeddable":true,"href":"https:\/\/defensoriaformosa.gob.ar\/index.php?rest_route=%2Fwp%2Fv2%2Fcomments&post=12962"}],"version-history":[{"count":1,"href":"https:\/\/defensoriaformosa.gob.ar\/index.php?rest_route=\/wp\/v2\/posts\/12962\/revisions"}],"predecessor-version":[{"id":12964,"href":"https:\/\/defensoriaformosa.gob.ar\/index.php?rest_route=\/wp\/v2\/posts\/12962\/revisions\/12964"}],"wp:featuredmedia":[{"embeddable":true,"href":"https:\/\/defensoriaformosa.gob.ar\/index.php?rest_route=\/wp\/v2\/media\/12963"}],"wp:attachment":[{"href":"https:\/\/defensoriaformosa.gob.ar\/index.php?rest_route=%2Fwp%2Fv2%2Fmedia&parent=12962"}],"wp:term":[{"taxonomy":"category","embeddable":true,"href":"https:\/\/defensoriaformosa.gob.ar\/index.php?rest_route=%2Fwp%2Fv2%2Fcategories&post=12962"},{"taxonomy":"post_tag","embeddable":true,"href":"https:\/\/defensoriaformosa.gob.ar\/index.php?rest_route=%2Fwp%2Fv2%2Ftags&post=12962"}],"curies":[{"name":"wp","href":"https:\/\/api.w.org\/{rel}","templated":true}]}}