{"id":122,"date":"2015-01-05T21:50:05","date_gmt":"2015-01-06T00:50:05","guid":{"rendered":"http:\/\/2015.defensoriaformosa.gob.ar\/?p=122"},"modified":"2015-01-05T21:51:32","modified_gmt":"2015-01-06T00:51:32","slug":"en-las-ultimas-fiestas-disminuyo-a-cuatro-4-heridos-por-pirotecnia-en-toda-la-provincia-de-formosa","status":"publish","type":"post","link":"https:\/\/defensoriaformosa.gob.ar\/?p=122","title":{"rendered":"EN LAS ULTIMAS FIESTAS DISMINUYO A CUATRO (4) HERIDOS POR PIROTECNIA EN TODA LA PROVINCIA DE FORMOSA"},"content":{"rendered":"<p style=\"text-align: center;\"><em><strong>DESTACAN COMO ALTAMENTE POSITIVAS LAS GESTIONES Y ACCIONES EN TORNO A LA CAMPA\u00d1A PIROTECNIA CERO<br \/>\n<\/strong><\/em><\/p>\n<p style=\"text-align: justify;\"><strong>En el d\u00eda de ayer en horas de la ma\u00f1ana, se llevo a cabo en la sede de la Defensor\u00eda del Pueblo, una reuni\u00f3n evaluativa de las diferentes acciones, gestiones y actividades, que desarrollaron distintos estamentos del Estado Provincial, Municipal, Asociaciones Protectoras de Animales y otros.<\/strong><\/p>\n<p style=\"text-align: justify;\"><!--more--><\/p>\n<p style=\"text-align: justify;\">El Ombudsman Provincial, Dr. Jos\u00e9 Leonardo Gialluca, junto a la Asesora Letrada, Dra. Mariela C\u00e1ceres, recibieron al Oficial Principal, Almeida, Marcelo de la Brigada de Explosivos del Cuartel General de Bomberos, a la Lic. Patricia Sotelo, Secretaria General del Ministerio de Cultura y Educaci\u00f3n de la Provincia, a la Sra. Beatriz Segovia, Presidente de la Asociaci\u00f3n Protectora de Animales \u201cPatitas de Formosa\u201d, y agradecieron el acompa\u00f1amiento de la Direcci\u00f3n de Bromatolog\u00eda, Higiene y Comercializaci\u00f3n de la Municipalidad de Formosa, como as\u00ed tambi\u00e9n a la Direcci\u00f3n de Comercio y Desarrollo, a cargo del Se\u00f1or Horacio Cosenza, dependiente del Ministerio de Econom\u00eda, Hacienda y Finanzas, como as\u00ed tambi\u00e9n al Jefe del Cuerpo de Bomberos, Crio. Mario Alejandrino Gaona, sin los cuales no podr\u00edamos haber creado una conciencia ciudadana alrededor de la Campa\u00f1a Pirotecnia Cero, y tambi\u00e9n abordado en los hechos otros temas como el de \u201clas fiestas clandestinas o privadas\u201d, el consumo de alcohol en los menores de edad, temas de seguridad vial y drogadicci\u00f3n; en los cuales se intervino y podemos ahora concluir que los resultados han sido altamente positivos en lo que respecta al cuidado y resguardo de la integridad psicof\u00edsica de los ciudadanos y tambi\u00e9n en relaci\u00f3n a la protecci\u00f3n de los bienes privados y p\u00fablicos.<\/p>\n<p style=\"text-align: justify;\">Se rese\u00f1o que como consecuencia de esta Campa\u00f1a, en capital se autorizaron muy pocos lugares para la venta de pirotecnia y no se permiti\u00f3 su comercializaci\u00f3n en la v\u00eda p\u00fablica.<\/p>\n<p style=\"text-align: justify;\">Consultado los comerciantes acerca de la actitud asumida, la mayor\u00eda respondi\u00f3 que dejo de ser negocio para ellos la venta de pirotecnia, ya que los controles son sumamente estrictos y pierden su mercader\u00eda, por los decomisos y la inmediata destrucci\u00f3n que se realizan de estos, para que no vuelvan a ingresar al circuito de la venta.<\/p>\n<p style=\"text-align: justify;\">Todos resaltaron que estas acciones se miden por resultado y es el primer a\u00f1o que conforme a los antecedentes remitidos por el Hospital Central Formosa, por el Hospital de la Madre y el Ni\u00f1o, por el Hospital Distrital C 5 y por los distintos Sanatorios y Cl\u00ednicas tanto de capital como del interior \u201c se verificaron dos (2) casos de lesiones leves para Navidad, una mujer de 42 a\u00f1os de edad que fue atendida en el Sanatorio Lelong, y la otra v\u00edctima, un menor de nueve a\u00f1os en Las Lomitas. Para A\u00f1o Nuevo, tambi\u00e9n se produjeron \u00fanicamente dos hechos, que involucraron a adolescentes de 14 y 15 a\u00f1os, uno atendido en el Hospital Distrital C5 y el segundo en la Ciudad de Las Lomitas.<\/p>\n<p style=\"text-align: justify;\">En todo este orden de ideas los representantes de las distintas \u00e1reas Gubernamentales, decidieron proseguir este a\u00f1o con esta misma metodolog\u00eda de trabajo, sumar a otras \u00e1reas y asociaciones y obtener la sanci\u00f3n de Ordenanzas y de Leyes que nos permitan trabajar en bien de la seguridad de todos los ciudadanos.<\/p>\n<figure id=\"attachment_123\" aria-describedby=\"caption-attachment-123\" style=\"width: 400px\" class=\"wp-caption aligncenter\"><img loading=\"lazy\" decoding=\"async\" class=\"wp-image-123 size-full\" src=\"https:\/\/2015.defensoriaformosa.gob.ar\/wp-content\/uploads\/2015\/01\/reunion-pirotecnia.jpg\" alt=\"reunion pirotecnia\" width=\"400\" height=\"300\" srcset=\"https:\/\/defensoriaformosa.gob.ar\/wp-content\/uploads\/2015\/01\/reunion-pirotecnia.jpg 400w, https:\/\/defensoriaformosa.gob.ar\/wp-content\/uploads\/2015\/01\/reunion-pirotecnia-300x225.jpg 300w\" sizes=\"auto, (max-width: 400px) 100vw, 400px\" \/><figcaption id=\"caption-attachment-123\" class=\"wp-caption-text\">Se llevo a cabo en la sede de la Defensor\u00eda del Pueblo una reuni\u00f3n evaluativa de las diferentes acciones, gestiones y actividades, que desarrollaron distintos estamentos del Estado Provincial, Municipal, Asociaciones Protectoras de Animales y otros.<\/figcaption><\/figure>\n<p>&nbsp;<\/p>\n<p style=\"text-align: center;\">\n","protected":false},"excerpt":{"rendered":"<p>DESTACAN COMO ALTAMENTE POSITIVAS LAS GESTIONES Y ACCIONES EN TORNO A LA CAMPA\u00d1A PIROTECNIA CERO En el d\u00eda de ayer en horas de la ma\u00f1ana, se llevo a cabo en la sede de la Defensor\u00eda del Pueblo, una reuni\u00f3n evaluativa de las diferentes acciones, gestiones y actividades, que desarrollaron distintos estamentos del Estado Provincial, Municipal, [&hellip;]<\/p>\n","protected":false},"author":1,"featured_media":125,"comment_status":"closed","ping_status":"closed","sticky":false,"template":"","format":"standard","meta":{"footnotes":""},"categories":[1],"tags":[],"class_list":["post-122","post","type-post","status-publish","format-standard","has-post-thumbnail","hentry","category-noticias"],"_links":{"self":[{"href":"https:\/\/defensoriaformosa.gob.ar\/index.php?rest_route=\/wp\/v2\/posts\/122","targetHints":{"allow":["GET"]}}],"collection":[{"href":"https:\/\/defensoriaformosa.gob.ar\/index.php?rest_route=\/wp\/v2\/posts"}],"about":[{"href":"https:\/\/defensoriaformosa.gob.ar\/index.php?rest_route=\/wp\/v2\/types\/post"}],"author":[{"embeddable":true,"href":"https:\/\/defensoriaformosa.gob.ar\/index.php?rest_route=\/wp\/v2\/users\/1"}],"replies":[{"embeddable":true,"href":"https:\/\/defensoriaformosa.gob.ar\/index.php?rest_route=%2Fwp%2Fv2%2Fcomments&post=122"}],"version-history":[{"count":1,"href":"https:\/\/defensoriaformosa.gob.ar\/index.php?rest_route=\/wp\/v2\/posts\/122\/revisions"}],"predecessor-version":[{"id":124,"href":"https:\/\/defensoriaformosa.gob.ar\/index.php?rest_route=\/wp\/v2\/posts\/122\/revisions\/124"}],"wp:featuredmedia":[{"embeddable":true,"href":"https:\/\/defensoriaformosa.gob.ar\/index.php?rest_route=\/wp\/v2\/media\/125"}],"wp:attachment":[{"href":"https:\/\/defensoriaformosa.gob.ar\/index.php?rest_route=%2Fwp%2Fv2%2Fmedia&parent=122"}],"wp:term":[{"taxonomy":"category","embeddable":true,"href":"https:\/\/defensoriaformosa.gob.ar\/index.php?rest_route=%2Fwp%2Fv2%2Fcategories&post=122"},{"taxonomy":"post_tag","embeddable":true,"href":"https:\/\/defensoriaformosa.gob.ar\/index.php?rest_route=%2Fwp%2Fv2%2Ftags&post=122"}],"curies":[{"name":"wp","href":"https:\/\/api.w.org\/{rel}","templated":true}]}}