{"id":114,"date":"2015-01-02T20:30:52","date_gmt":"2015-01-02T23:30:52","guid":{"rendered":"http:\/\/2015.defensoriaformosa.gob.ar\/?p=114"},"modified":"2015-01-03T09:34:14","modified_gmt":"2015-01-03T12:34:14","slug":"la-defensoria-del-pueblo-pedira-que-la-provincia-se-adhiera-a-la-ley-nacional-que-obliga-a-los-transporte-publicos-de-pasajeros-a-tener-la-leyenda-las-islas-malvinas-son-argentinas","status":"publish","type":"post","link":"https:\/\/defensoriaformosa.gob.ar\/?p=114","title":{"rendered":"LA DEFENSORIA DEL PUEBLO PEDIR\u00c1 QUE LA PROVINCIA SE ADHIERA A LA LEY NACIONAL QUE OBLIGA A LOS TRANSPORTE P\u00daBLICOS DE PASAJEROS A TENER LA LEYENDA \u201c LAS ISLAS MALVINAS SON ARGENTINAS\u201d"},"content":{"rendered":"<p style=\"text-align: justify;\"><strong>Esto surge de la norma N\u00ba 27.023 que establece en su art\u00edculo 1\u00b0 que \u00abtodos los medios de transporte p\u00fablico de pasajeros, de origen nacional, que presten servicios por cualquier t\u00edtulo dentro de la jurisdicci\u00f3n del Estado nacional y tambi\u00e9n fuera del mismo, est\u00e1n obligados a disponer en sus unidades de transporte de un espacio visible y destacado en el que deber\u00e1 inscribirse la leyenda &#8216;Las Islas Malvinas son argentinas'\u00bb.<\/strong><\/p>\n<p style=\"text-align: justify;\"><!--more--><\/p>\n<p style=\"text-align: justify;\">Dispone tambi\u00e9n que la \u00abtipograf\u00eda\u00bb y el \u00abformato\u00bb ser\u00e1 determinado por \u00abla reglamentaci\u00f3n oportunamente\u00bb.<\/p>\n<p style=\"text-align: justify;\">La ley ordena en su art\u00edculo 2 que la inscripci\u00f3n \u00abser\u00e1 de aplicaci\u00f3n al transporte p\u00fablico de pasajeros que se desplaza por calles, avenidas, rutas, autov\u00edas, autopistas, al realizado por ferrocarril, al transporte fluvial, lacustre, mar\u00edtimo y a\u00e9reo\u00bb.<\/p>\n<p style=\"text-align: justify;\">Todas las estaciones de llegada, partida o escala del medio de transporte del que se trate deber\u00e1n tambi\u00e9n disponer de un espacio visible y destacado a efectos de inscribir la misma leyenda del art\u00edculo primero y seg\u00fan el formato y en la forma que establezca la reglamentaci\u00f3n\u00bb, estableci\u00f3 el art\u00edculo 3 de la norma, sancionada el 19 de noviembre en la C\u00e1mara de Diputados a partir de un proyecto de la senadora Teresita Luna (FpV).<\/p>\n<p style=\"text-align: justify;\">El art\u00edculo 4 dispuso que \u00abser\u00e1 Autoridad de Aplicaci\u00f3n de la presente ley el Poder Ejecutivo nacional a trav\u00e9s de la Secretar\u00eda de Transporte, dependiente del Ministerio del Interior y Transporte de la Naci\u00f3n\u00bb.<\/p>\n<p>Desde la Defensor\u00eda del Pueblo se resalto este tipo de iniciativas, pues es necesario que exista cada d\u00eda que pasa una fuerte fuerza que haga que todo los argentinos, recordemos que las Malvinas son Argentinas, durante los 365 dias del a\u00f1o hasta que por las v\u00edas diplom\u00e1ticas pertinentes, esa parte de nuestro territorio, se integre definitivamente a nuestro pa\u00eds.<\/p>\n<p>&nbsp;<\/p>\n","protected":false},"excerpt":{"rendered":"<p>Esto surge de la norma N\u00ba 27.023 que establece en su art\u00edculo 1\u00b0 que \u00abtodos los medios de transporte p\u00fablico de pasajeros, de origen nacional, que presten servicios por cualquier t\u00edtulo dentro de la jurisdicci\u00f3n del Estado nacional y tambi\u00e9n fuera del mismo, est\u00e1n obligados a disponer en sus unidades de transporte de un espacio [&hellip;]<\/p>\n","protected":false},"author":1,"featured_media":115,"comment_status":"closed","ping_status":"closed","sticky":false,"template":"","format":"standard","meta":{"footnotes":""},"categories":[1],"tags":[],"class_list":["post-114","post","type-post","status-publish","format-standard","has-post-thumbnail","hentry","category-noticias"],"_links":{"self":[{"href":"https:\/\/defensoriaformosa.gob.ar\/index.php?rest_route=\/wp\/v2\/posts\/114","targetHints":{"allow":["GET"]}}],"collection":[{"href":"https:\/\/defensoriaformosa.gob.ar\/index.php?rest_route=\/wp\/v2\/posts"}],"about":[{"href":"https:\/\/defensoriaformosa.gob.ar\/index.php?rest_route=\/wp\/v2\/types\/post"}],"author":[{"embeddable":true,"href":"https:\/\/defensoriaformosa.gob.ar\/index.php?rest_route=\/wp\/v2\/users\/1"}],"replies":[{"embeddable":true,"href":"https:\/\/defensoriaformosa.gob.ar\/index.php?rest_route=%2Fwp%2Fv2%2Fcomments&post=114"}],"version-history":[{"count":1,"href":"https:\/\/defensoriaformosa.gob.ar\/index.php?rest_route=\/wp\/v2\/posts\/114\/revisions"}],"predecessor-version":[{"id":116,"href":"https:\/\/defensoriaformosa.gob.ar\/index.php?rest_route=\/wp\/v2\/posts\/114\/revisions\/116"}],"wp:featuredmedia":[{"embeddable":true,"href":"https:\/\/defensoriaformosa.gob.ar\/index.php?rest_route=\/wp\/v2\/media\/115"}],"wp:attachment":[{"href":"https:\/\/defensoriaformosa.gob.ar\/index.php?rest_route=%2Fwp%2Fv2%2Fmedia&parent=114"}],"wp:term":[{"taxonomy":"category","embeddable":true,"href":"https:\/\/defensoriaformosa.gob.ar\/index.php?rest_route=%2Fwp%2Fv2%2Fcategories&post=114"},{"taxonomy":"post_tag","embeddable":true,"href":"https:\/\/defensoriaformosa.gob.ar\/index.php?rest_route=%2Fwp%2Fv2%2Ftags&post=114"}],"curies":[{"name":"wp","href":"https:\/\/api.w.org\/{rel}","templated":true}]}}