{"id":1109,"date":"2015-06-03T19:00:34","date_gmt":"2015-06-03T22:00:34","guid":{"rendered":"http:\/\/2015.defensoriaformosa.gob.ar\/?p=1109"},"modified":"2015-06-03T19:00:34","modified_gmt":"2015-06-03T22:00:34","slug":"informo-la-defensoria-que-durante-tres-meses-el-subsidio-de-las-garrafas-sera-por-231","status":"publish","type":"post","link":"https:\/\/defensoriaformosa.gob.ar\/?p=1109","title":{"rendered":"INFORMO LA DEFENSORIA QUE DURANTE TRES MESES EL SUBSIDIO DE LAS GARRAFAS SERA POR $231"},"content":{"rendered":"<p style=\"text-align: justify;\"><strong>A todos aquellos ya incorporados a la base de datos se les pagara en forma retroactiva lo que no hayan percibido durante el mes de mayo.<\/strong><\/p>\n<p style=\"text-align: justify;\"><!--more--><\/p>\n<p style=\"text-align: justify;\">La Defensor\u00eda del Pueblo de la Provincia de Formosa, a trav\u00e9s de su Titular el Dr. Jos\u00e9 Leonardo Gialluca, y en contacto con el Coordinador Regional NEA del Programa \u201cHogar con Garrafas\u201d, Helard Feltan, anunciaron que desde el mes de julio hasta septiembre aumentar\u00e1 el subsidio para todos los beneficiarios a los que les corresponda legalmente el mismo y ser\u00e1 por una suma total de 231 pesos que corresponden a tres (3) tubos.<\/p>\n<p style=\"text-align: justify;\">Desde el Organismo de la Constituci\u00f3n, se informo que el motivo del aumento es por la \u00e9poca de invierno y en el mes de noviembre volver\u00e1 a normalizarse con el pago de dos (2) cargas, este cambio se debe porque el estimativo es que una familia conformada por cinco personas aumentar\u00e1 su consumo a tres garrafas de gas por mes, es por ello que se pagar\u00e1 231 pesos a cada beneficiario.<\/p>\n<p style=\"text-align: justify;\">El Ombudsman Provincial aclaro a todos los beneficiarios del Plan Hogar que el retraso en el cobro del subsidio por parte de los usuarios es algo que se dio en el mes de mayo y destac\u00f3 que -a partir del d\u00eda 11 de junio comenzar\u00e1n a los pagos a los usuarios ya que hubo una actualizaci\u00f3n en la base de datos y se pagar\u00e1 con retroactividad-.<\/p>\n<p style=\"text-align: justify;\">Con relaci\u00f3n a los ciudadanos que fueron incorporados autom\u00e1ticamente para el cobro del beneficio, se aclaro que,-aquellos usuarios que fueron integrados para el cobro del subsidio deben ir hacia el banco o lugar que le corresponden y completar el tr\u00e1mite con una sola firma y con presentaci\u00f3n del DNI, no hay que hacer nada m\u00e1s; los que no figuran en la base de datos del ANSES, si deben completar el formulario correspondiente y nosotros desde la Defensor\u00eda del Pueblo junto al ANSES Delegaci\u00f3n Formosa, lo vamos cargando al sistema.<\/p>\n","protected":false},"excerpt":{"rendered":"<p>A todos aquellos ya incorporados a la base de datos se les pagara en forma retroactiva lo que no hayan percibido durante el mes de mayo.<\/p>\n","protected":false},"author":1,"featured_media":714,"comment_status":"closed","ping_status":"closed","sticky":false,"template":"","format":"standard","meta":{"footnotes":""},"categories":[1,3],"tags":[],"class_list":["post-1109","post","type-post","status-publish","format-standard","has-post-thumbnail","hentry","category-noticias","category-defensa-de-los-derechos-del-usuario-consumidor-contribuyentes"],"_links":{"self":[{"href":"https:\/\/defensoriaformosa.gob.ar\/index.php?rest_route=\/wp\/v2\/posts\/1109","targetHints":{"allow":["GET"]}}],"collection":[{"href":"https:\/\/defensoriaformosa.gob.ar\/index.php?rest_route=\/wp\/v2\/posts"}],"about":[{"href":"https:\/\/defensoriaformosa.gob.ar\/index.php?rest_route=\/wp\/v2\/types\/post"}],"author":[{"embeddable":true,"href":"https:\/\/defensoriaformosa.gob.ar\/index.php?rest_route=\/wp\/v2\/users\/1"}],"replies":[{"embeddable":true,"href":"https:\/\/defensoriaformosa.gob.ar\/index.php?rest_route=%2Fwp%2Fv2%2Fcomments&post=1109"}],"version-history":[{"count":1,"href":"https:\/\/defensoriaformosa.gob.ar\/index.php?rest_route=\/wp\/v2\/posts\/1109\/revisions"}],"predecessor-version":[{"id":1110,"href":"https:\/\/defensoriaformosa.gob.ar\/index.php?rest_route=\/wp\/v2\/posts\/1109\/revisions\/1110"}],"wp:featuredmedia":[{"embeddable":true,"href":"https:\/\/defensoriaformosa.gob.ar\/index.php?rest_route=\/wp\/v2\/media\/714"}],"wp:attachment":[{"href":"https:\/\/defensoriaformosa.gob.ar\/index.php?rest_route=%2Fwp%2Fv2%2Fmedia&parent=1109"}],"wp:term":[{"taxonomy":"category","embeddable":true,"href":"https:\/\/defensoriaformosa.gob.ar\/index.php?rest_route=%2Fwp%2Fv2%2Fcategories&post=1109"},{"taxonomy":"post_tag","embeddable":true,"href":"https:\/\/defensoriaformosa.gob.ar\/index.php?rest_route=%2Fwp%2Fv2%2Ftags&post=1109"}],"curies":[{"name":"wp","href":"https:\/\/api.w.org\/{rel}","templated":true}]}}