{"id":1103,"date":"2015-06-03T18:52:03","date_gmt":"2015-06-03T21:52:03","guid":{"rendered":"http:\/\/2015.defensoriaformosa.gob.ar\/?p=1103"},"modified":"2015-06-03T18:52:03","modified_gmt":"2015-06-03T21:52:03","slug":"la-defensoria-del-pueblo-informo-que-la-justicia-provincial-intervino-inmediatamente-frente-al-deceso-de-un-originario-en-la-comisaria-de-la-localidad-de-colonia-aborigen","status":"publish","type":"post","link":"https:\/\/defensoriaformosa.gob.ar\/?p=1103","title":{"rendered":"LA DEFENSORIA DEL PUEBLO INFORMO QUE LA JUSTICIA PROVINCIAL INTERVINO INMEDIATAMENTE FRENTE AL DECESO DE UN ORIGINARIO EN LA COMISARIA DE LA LOCALIDAD DE COLONIA ABORIGEN"},"content":{"rendered":"<p style=\"text-align: justify;\"><strong>Con la intervenci\u00f3n de la Agente Fiscal N\u00ba 1 de Turno, y el Cuerpo M\u00e9dico Forense del Poder Judicial, se garantiza una clara y objetiva investigaci\u00f3n para llevar serenidad a toda la Comunidad.<\/strong><\/p>\n<p style=\"text-align: justify;\"><!--more--><\/p>\n<p style=\"text-align: justify;\">Con motivo de la muerte de un ciudadano originario, de sexo masculino, mayor de edad, desde la -Direcci\u00f3n de Derechos Humanos y Grupos Minoritarios Discriminaci\u00f3n, Xenofobia, Trata de Personas y Discapacidad- de la Defensor\u00eda del Pueblo de la Provincia de Formosa, y habi\u00e9ndose pedido su intervenci\u00f3n por parte de la localidad de Colonia Aborigen, ubicada en cercan\u00edas de Fontana, inmediatamente se realizaron las gestiones y acciones necesarias para recopilar todos los antecedentes del caso y nos encontramos, se\u00f1alaron desde el Organismo de la Constituci\u00f3n Provincial, con la intervenci\u00f3n por cuestiones territoriales de la Agente Fiscal de Instrucci\u00f3n N\u00ba1 de Turno, Dra. Rossana Bassanese, de la Primera Circunscripci\u00f3n Judicial, quien junto al Cuerpo M\u00e9dico Forense, ya hab\u00edan intervenido en el caso, tomando todas las medidas necesarias para encontrar la verdad real de este lamentable hecho.<\/p>\n<p style=\"text-align: justify;\">El cuerpo se le fue entregado a la familia, luego del a intervenci\u00f3n de los m\u00e9dicos forenses quienes en el hospital de la zona realizaron la autopsia pertinente y el Ombudsman Provincial, explico que exist\u00eda cierta molestia por parte de los mismos y de los vecinos, con motivo del tiempo que insume la necesaria concreci\u00f3n de una serie de medidas que en todos los casos, deben llevarse adelante para que la Justicia realice la investigaci\u00f3n correspondiente.<\/p>\n<p style=\"text-align: justify;\">Por otro lado, tambi\u00e9n se dio intervenci\u00f3n al Dr. Dar\u00edo Guzm\u00e1n Rivero, Director de Pol\u00edticas Penitenciarias de la Provincia, para que informe todas las circunstancias que rodearon la muerte de este originario, quien se habr\u00eda ahorcado en una de las celdas de la Comisaria de la Localidad de Colonia Aborigen; siendo necesario que quede absolutamente esclarecido el hecho, para que de este modo se deslinden todo tipo de responsabilidades.<\/p>\n","protected":false},"excerpt":{"rendered":"<p>Con la intervenci\u00f3n de la Agente Fiscal N\u00ba 1 de Turno, y el Cuerpo M\u00e9dico Forense del Poder Judicial, se garantiza una clara y objetiva investigaci\u00f3n para llevar serenidad a toda la Comunidad.<\/p>\n","protected":false},"author":1,"featured_media":1104,"comment_status":"closed","ping_status":"closed","sticky":false,"template":"","format":"standard","meta":{"footnotes":""},"categories":[4,1],"tags":[],"class_list":["post-1103","post","type-post","status-publish","format-standard","has-post-thumbnail","hentry","category-ddhh","category-noticias"],"_links":{"self":[{"href":"https:\/\/defensoriaformosa.gob.ar\/index.php?rest_route=\/wp\/v2\/posts\/1103","targetHints":{"allow":["GET"]}}],"collection":[{"href":"https:\/\/defensoriaformosa.gob.ar\/index.php?rest_route=\/wp\/v2\/posts"}],"about":[{"href":"https:\/\/defensoriaformosa.gob.ar\/index.php?rest_route=\/wp\/v2\/types\/post"}],"author":[{"embeddable":true,"href":"https:\/\/defensoriaformosa.gob.ar\/index.php?rest_route=\/wp\/v2\/users\/1"}],"replies":[{"embeddable":true,"href":"https:\/\/defensoriaformosa.gob.ar\/index.php?rest_route=%2Fwp%2Fv2%2Fcomments&post=1103"}],"version-history":[{"count":1,"href":"https:\/\/defensoriaformosa.gob.ar\/index.php?rest_route=\/wp\/v2\/posts\/1103\/revisions"}],"predecessor-version":[{"id":1105,"href":"https:\/\/defensoriaformosa.gob.ar\/index.php?rest_route=\/wp\/v2\/posts\/1103\/revisions\/1105"}],"wp:featuredmedia":[{"embeddable":true,"href":"https:\/\/defensoriaformosa.gob.ar\/index.php?rest_route=\/wp\/v2\/media\/1104"}],"wp:attachment":[{"href":"https:\/\/defensoriaformosa.gob.ar\/index.php?rest_route=%2Fwp%2Fv2%2Fmedia&parent=1103"}],"wp:term":[{"taxonomy":"category","embeddable":true,"href":"https:\/\/defensoriaformosa.gob.ar\/index.php?rest_route=%2Fwp%2Fv2%2Fcategories&post=1103"},{"taxonomy":"post_tag","embeddable":true,"href":"https:\/\/defensoriaformosa.gob.ar\/index.php?rest_route=%2Fwp%2Fv2%2Ftags&post=1103"}],"curies":[{"name":"wp","href":"https:\/\/api.w.org\/{rel}","templated":true}]}}