{"id":10998,"date":"2020-07-27T15:22:50","date_gmt":"2020-07-27T18:22:50","guid":{"rendered":"http:\/\/2015.defensoriaformosa.gob.ar\/?p=10998"},"modified":"2020-07-27T15:22:50","modified_gmt":"2020-07-27T18:22:50","slug":"solicito-la-defensoria-una-revision-tarifaria-integral-mas-una-tarifa-regional-diferenciada","status":"publish","type":"post","link":"https:\/\/defensoriaformosa.gob.ar\/?p=10998","title":{"rendered":"SOLICITO LA DEFENSORIA UNA \u201cREVISION TARIFARIA INTEGRAL\u201d MAS UNA \u201cTARIFA REGIONAL DIFERENCIADA\u201d"},"content":{"rendered":"<p><strong>-Instaron al Diputado Ricardo Carbajal a trabajar para que la Energ\u00eda El\u00e9ctrica vuelva a tener precios de generaci\u00f3n y transporte justos, razonables y accesibles-<\/strong><\/p>\n<p><!--more--><\/p>\n<p>Con el pasado Gobierno Nacional de Mauricio Macri la energ\u00eda dej\u00f3 de ser un derecho humano; dej\u00f3 de ser una herramienta de desarrollo econ\u00f3mico, promotora de igualdad social y provincial, promotora asimismo de industrializaci\u00f3n y de una genuina modernizaci\u00f3n del aparato productivo nacional, pasando a ser una mercanc\u00eda y una poderosa herramienta de ajuste, de desindustrializaci\u00f3n y achicamiento del mercado interno. En otras palabras, un negocio concentrado en un pu\u00f1ado de empresas nacionales y multinacionales, as\u00ed como en un c\u00edrculo \u00edntimo de empresarios amigos y parientes del ex presidente, todos salvaguardados por un subsecretario de pol\u00edtica tarifaria 10 veces testigo de parte de muchas de esas empresas en sus demandas contra el pueblo argentino ante el -CIADI-. Por esto hoy, nadie se puede hacer el distra\u00eddo de que: la situaci\u00f3n actual, deriva del tarifazo del gobierno de Macri y de la aplicaci\u00f3n sesgada de la legislaci\u00f3n regulatoria, con sus consecuencias sociales y econ\u00f3micas, que se revelan en el endeudamiento familiar para afrontar los pagos, el cierre de pymes que nunca pudieron solventar las facturas. As\u00ed, el Gobierno de Alberto Fern\u00e1ndez no s\u00f3lo cuenta con los compromisos pol\u00edticos y \u00e9ticos asumidos durante la campa\u00f1a electoral, sino tambi\u00e9n con las herramientas jur\u00eddicas y econ\u00f3micas que se derivan de las disposiciones legales y regulatorias vigentes para concretar una nueva -Revisi\u00f3n Tarifaria Integral-, \u201cque d\u00e9 como resultado tarifas justas, razonables y accesibles, y tambi\u00e9n de una vez por todas se nos otorgue una Tarifa Regional Diferenciada, la cual venimos peticionando desde hace a\u00f1os\u201d. Desde la Defensor\u00eda del Pueblo, consideraron que, a los usuarios de toda la Provincia tanto residenciales como comerciales, \u201cles interesa conocer soluciones, propuestas y proyectos para salir adelante en sus vidas o emprendimientos\u201d y no denuncias medi\u00e1ticas, puesto que, si existen irregularidades, lo que corresponde es acudir a la Justicia y por ello se inst\u00f3 al diputado provincial, Ricardo Carbajal a que exponga las pruebas que tenga al respecto de los dichos vertidos p\u00fablicamente por el mismo en diversos medios de prensa, en los que afirmara que: \u201cREFSA es un colosal negocio, cuyos beneficiarios son unos pocos funcionarios que se reparten una millonaria torta, mientras bajan un discurso falaz, donde recriminan el valor elevado de la energ\u00eda para usuarios con ingresos muy bajos\u201d (Sic). Desde la Direcci\u00f3n de Defensa de los Usuarios y Consumidores del Organismo, se afirma que el legislador, al parecer, carece de memoria, con relaci\u00f3n a sus cr\u00edticas sobre la falta de respuesta al pedido de la Tarifa Regional Diferenciada para el Nordeste Argentino (NEA), la misma, es una bandera que viene siendo sostenida por el Estado Provincial por m\u00e1s de una d\u00e9cada, sin el acompa\u00f1amiento de la bancada opositora provincial, radical o del pro, sucesivamente. \u201cNadie, m\u00e1s que el propio Carbajal, \u00faltimamente, nos ha recordado que sus socios pol\u00edticos del pro, durante la nefasta gesti\u00f3n Macri, fueron los que incrementaron la tarifa el\u00e9ctrica en m\u00e1s de un 3000 %; la dolarizaron; fijaron franjas de consumo que castigan a todos los usuarios; hicieron millonarios negocios para los amigos de las grandes distribuidoras nacionales que hoy est\u00e1n debidamente denunciados; mantuvieron subsidios cruzados para los grandes distritos, en detrimento de las provincias perif\u00e9ricas y todo ello sin colgar un solo cable que mejore el sistema nacional, el cual incluso lleg\u00f3 a colapsar en una ocasi\u00f3n, dejando sin energ\u00eda el\u00e9ctrica a todo el Pa\u00eds, salvo Tierra del Fuego. Institucionalmente, hemos peticionado al Ministerio de Desarrollo Productivo y al ENRE, concretar una Revisi\u00f3n Tarifaria Integral, en base a los fallos \u00abMaruba\u00bb y \u00abCepis\u00bb; -donde la importancia del primero radica en el reconocimiento expreso del derecho de Revisi\u00f3n Contractual por parte de los gobiernos respecto de situaciones derivadas de actos de gobiernos anteriores que, como en el caso del macrismo, hayan violentado principios como la protecci\u00f3n de los usuarios y la fijaci\u00f3n de una tarifa justa y razonable. En igual sentido, el Fallo Cepis, estipul\u00f3 que las decisiones en materia tarifaria \u00abimponen al Estado una especial prudencia y rigor a la hora de la determinaci\u00f3n de las tarifas y de su transparencia\u2026\u201d. Es preciso no olvidar todo esto, pero lo m\u00e1s importante es mirar al futuro y encaminar los esfuerzos en hacer una Argentina diferente, que m\u00e1s que construida sobre la base de discursos, se levante sobre acciones. Si Ricardo Carbajal tiene pruebas de las graves acusaciones que expuso ser\u00eda bueno que las revele, de lo contrario hay que presumir que s\u00f3lo parlotea, enrol\u00e1ndose entre los actores pol\u00edticos que, en medio de una Crisis Sanitaria Mundial, Nacional, Provincial y Municipal, no hacen m\u00e1s que seguir con aquella vieja campa\u00f1a del descr\u00e9dito que, alguna vez, quiz\u00e1s les dio resultados. Pero que ahora no sirve para nada, porque trasuntamos nuevos tiempos, en los que la gente m\u00e1s bien exige l\u00edderes de acci\u00f3n, no de declamaci\u00f3n.<\/p>\n","protected":false},"excerpt":{"rendered":"<p>-Instaron al Diputado Ricardo Carbajal a trabajar para que la Energ\u00eda El\u00e9ctrica vuelva a tener precios de generaci\u00f3n y transporte justos, razonables y accesibles-<\/p>\n","protected":false},"author":1,"featured_media":10999,"comment_status":"closed","ping_status":"closed","sticky":false,"template":"","format":"standard","meta":{"footnotes":""},"categories":[1],"tags":[],"class_list":["post-10998","post","type-post","status-publish","format-standard","has-post-thumbnail","hentry","category-noticias"],"_links":{"self":[{"href":"https:\/\/defensoriaformosa.gob.ar\/index.php?rest_route=\/wp\/v2\/posts\/10998","targetHints":{"allow":["GET"]}}],"collection":[{"href":"https:\/\/defensoriaformosa.gob.ar\/index.php?rest_route=\/wp\/v2\/posts"}],"about":[{"href":"https:\/\/defensoriaformosa.gob.ar\/index.php?rest_route=\/wp\/v2\/types\/post"}],"author":[{"embeddable":true,"href":"https:\/\/defensoriaformosa.gob.ar\/index.php?rest_route=\/wp\/v2\/users\/1"}],"replies":[{"embeddable":true,"href":"https:\/\/defensoriaformosa.gob.ar\/index.php?rest_route=%2Fwp%2Fv2%2Fcomments&post=10998"}],"version-history":[{"count":1,"href":"https:\/\/defensoriaformosa.gob.ar\/index.php?rest_route=\/wp\/v2\/posts\/10998\/revisions"}],"predecessor-version":[{"id":11000,"href":"https:\/\/defensoriaformosa.gob.ar\/index.php?rest_route=\/wp\/v2\/posts\/10998\/revisions\/11000"}],"wp:featuredmedia":[{"embeddable":true,"href":"https:\/\/defensoriaformosa.gob.ar\/index.php?rest_route=\/wp\/v2\/media\/10999"}],"wp:attachment":[{"href":"https:\/\/defensoriaformosa.gob.ar\/index.php?rest_route=%2Fwp%2Fv2%2Fmedia&parent=10998"}],"wp:term":[{"taxonomy":"category","embeddable":true,"href":"https:\/\/defensoriaformosa.gob.ar\/index.php?rest_route=%2Fwp%2Fv2%2Fcategories&post=10998"},{"taxonomy":"post_tag","embeddable":true,"href":"https:\/\/defensoriaformosa.gob.ar\/index.php?rest_route=%2Fwp%2Fv2%2Ftags&post=10998"}],"curies":[{"name":"wp","href":"https:\/\/api.w.org\/{rel}","templated":true}]}}