{"id":10956,"date":"2020-07-15T16:45:51","date_gmt":"2020-07-15T19:45:51","guid":{"rendered":"http:\/\/2015.defensoriaformosa.gob.ar\/?p=10956"},"modified":"2020-07-15T16:45:51","modified_gmt":"2020-07-15T19:45:51","slug":"la-municipalidad-de-ibarreta-nego-rotundamente-supuestas-intimidaciones-de-desalojo-a-un-grupo-de-vecinos-de-esa-localidad","status":"publish","type":"post","link":"https:\/\/defensoriaformosa.gob.ar\/?p=10956","title":{"rendered":"LA MUNICIPALIDAD DE IBARRETA NEG\u00d3 ROTUNDAMENTE SUPUESTAS INTIMIDACIONES DE DESALOJO A UN GRUPO DE VECINOS DE ESA LOCALIDAD"},"content":{"rendered":"<p><strong>El Defensor del Pueblo de la Provincia, Dr. Jos\u00e9 Leonardo Gialluca, solicit\u00f3 un Informe al Intendente de la Municipalidad de Ibarreta Ad\u00e1n Jarzynski a ra\u00edz de la denuncia efectuada por Vivian Evelin Ignacia Gonz\u00e1lez en su car\u00e1cter de Presidenta del Honorable Concejo Deliberante de ese Municipio, mediante Nota fechada el 27\/06\/2020, enviada v\u00eda WhatsApp, a este Organismo de la Constituci\u00f3n, afirmando que un grupo de vecinos de Ibarreta, \u201cestaba siendo intimado desde la intendencia para que desalojen los lugares donde residen\u201d, fundando dicha medida en la necesidad de organizar el ejido municipal, siendo algunos terrenos, propiedad privada y otros fiscales y que, si bien, se les promet\u00eda la reubicaci\u00f3n a las familias, esta situaci\u00f3n traer\u00eda consecuencias sociales y econ\u00f3micas perjudiciales, por lo que, solicit\u00f3 la urgente intervenci\u00f3n de la Defensor\u00eda del Pueblo para encontrar una soluci\u00f3n a la problem\u00e1tica planteada. <\/strong><\/p>\n<p><!--more--><\/p>\n<p>Es as\u00ed que, el 03 del corriente mes, en el Organismo de la Constituci\u00f3n se recibi\u00f3 el descargo solicitado al Intendente en cuesti\u00f3n, mediante el cual, \u201cneg\u00f3 todos y cada uno de los hechos descriptos en la denuncia planteada por la Sra. Gonz\u00e1lez, indicando que no se desplegaron actos que atenten contra propiedades privadas y\/o que obstaculicen la posesi\u00f3n de los ocupantes de tierras fiscales, por lo que, tampoco existe la promesa de reubicaci\u00f3n de familias\u201d. Todo esto fue notificado inmediatamente a la denunciante para su conocimiento. En este contexto el Ombudsman Provincial se\u00f1al\u00f3 que el requerimiento girado al Intendente de la Municipalidad de Ibarreta fue realizado en el marco de lo dispuesto por nuestra Constituci\u00f3n Provincial cuando se refiere a la autonom\u00eda municipal, entendi\u00e9ndose como tal: \u201cla capacidad que tiene una comunidad para organizar jur\u00eddicamente el funcionamiento de su gobierno, preservar \u00edntegramente su patrimonio, atender eficazmente su presente, planificar y proyectar su futuro, llevar adelante pol\u00edticas que tiendan a generar recursos genuinos para cubrir sus gastos y crecimiento\u201d. En este sentido, nuestra Carta Magna Nacional consagra en su Art. N\u00ba 123: \u201cCada provincia dicta para su propia Constituci\u00f3n, conforme lo dispuesto por el Art. N\u00ba 5, asegurando la autonom\u00eda municipal y reglando su alcance y contenido en el orden institucional, pol\u00edtico, administrativo, econ\u00f3mico y financiero\u201d; encontr\u00e1ndose contenido el r\u00e9gimen comunal en la Ley Org\u00e1nica Municipal y Cartas Org\u00e1nicas Municipales. Con ello, Gialluca requiri\u00f3 a ambas partes, esto es, tanto a los miembros del consejo deliberante de Ibarreta, como a las autoridades competentes del Ejecutivo Municipal, a que busquen espacios de di\u00e1logos de manera que se deje de lado todo tipo de enfrentamiento est\u00e9ril y se adopten, siempre dentro de la Ley, \u201clas mejores alternativas y soluciones practicas para todos los vecinos de esa comunidad, m\u00e1s a\u00fan si se trata de personas que se encuentran dentro de franjas sociales vulnerables\u201d.<\/p>\n","protected":false},"excerpt":{"rendered":"<p>El Defensor del Pueblo de la Provincia, Dr. Jos\u00e9 Leonardo Gialluca, solicit\u00f3 un Informe al Intendente de la Municipalidad de Ibarreta Ad\u00e1n Jarzynski a ra\u00edz de la denuncia efectuada por Vivian Evelin Ignacia Gonz\u00e1lez en su car\u00e1cter de Presidenta del Honorable Concejo Deliberante de ese Municipio, mediante Nota fechada el 27\/06\/2020, enviada v\u00eda WhatsApp, a [&hellip;]<\/p>\n","protected":false},"author":1,"featured_media":10957,"comment_status":"closed","ping_status":"closed","sticky":false,"template":"","format":"standard","meta":{"footnotes":""},"categories":[1],"tags":[],"class_list":["post-10956","post","type-post","status-publish","format-standard","has-post-thumbnail","hentry","category-noticias"],"_links":{"self":[{"href":"https:\/\/defensoriaformosa.gob.ar\/index.php?rest_route=\/wp\/v2\/posts\/10956","targetHints":{"allow":["GET"]}}],"collection":[{"href":"https:\/\/defensoriaformosa.gob.ar\/index.php?rest_route=\/wp\/v2\/posts"}],"about":[{"href":"https:\/\/defensoriaformosa.gob.ar\/index.php?rest_route=\/wp\/v2\/types\/post"}],"author":[{"embeddable":true,"href":"https:\/\/defensoriaformosa.gob.ar\/index.php?rest_route=\/wp\/v2\/users\/1"}],"replies":[{"embeddable":true,"href":"https:\/\/defensoriaformosa.gob.ar\/index.php?rest_route=%2Fwp%2Fv2%2Fcomments&post=10956"}],"version-history":[{"count":1,"href":"https:\/\/defensoriaformosa.gob.ar\/index.php?rest_route=\/wp\/v2\/posts\/10956\/revisions"}],"predecessor-version":[{"id":10958,"href":"https:\/\/defensoriaformosa.gob.ar\/index.php?rest_route=\/wp\/v2\/posts\/10956\/revisions\/10958"}],"wp:featuredmedia":[{"embeddable":true,"href":"https:\/\/defensoriaformosa.gob.ar\/index.php?rest_route=\/wp\/v2\/media\/10957"}],"wp:attachment":[{"href":"https:\/\/defensoriaformosa.gob.ar\/index.php?rest_route=%2Fwp%2Fv2%2Fmedia&parent=10956"}],"wp:term":[{"taxonomy":"category","embeddable":true,"href":"https:\/\/defensoriaformosa.gob.ar\/index.php?rest_route=%2Fwp%2Fv2%2Fcategories&post=10956"},{"taxonomy":"post_tag","embeddable":true,"href":"https:\/\/defensoriaformosa.gob.ar\/index.php?rest_route=%2Fwp%2Fv2%2Ftags&post=10956"}],"curies":[{"name":"wp","href":"https:\/\/api.w.org\/{rel}","templated":true}]}}