{"id":10935,"date":"2020-07-10T00:22:04","date_gmt":"2020-07-10T03:22:04","guid":{"rendered":"http:\/\/2015.defensoriaformosa.gob.ar\/?p=10935"},"modified":"2020-07-10T00:22:04","modified_gmt":"2020-07-10T03:22:04","slug":"desde-la-defensoria-del-pueblo-esperan-que-la-justicia-provincial-garantice-el-servicio-de-recoleccion-y-tratamiento-de-residuos-biopatogenicos","status":"publish","type":"post","link":"https:\/\/defensoriaformosa.gob.ar\/?p=10935","title":{"rendered":"DESDE LA DEFENSORIA DEL PUEBLO ESPERAN QUE LA JUSTICIA PROVINCIAL GARANTICE EL SERVICIO DE RECOLECCION Y TRATAMIENTO DE RESIDUOS BIOPATOGENICOS"},"content":{"rendered":"<p><strong>Los Sindicatos de Formosa deben sumarse a garantizar el mejor status sanitario para la Comunidad de la Provincia y dejar de paso medidas de fuerzas que impidan las presentaciones esenciales como lo constituyen entre otras la Recolecci\u00f3n y Tratamiento de Residuos Biopatog\u00e9nicos, que en la actualidad se generan en mayor cantidad-<\/strong><\/p>\n<p><!--more--><br \/>\nCon los descargos efectuados por ante la Defensor\u00eda del Pueblo tanto por la Empresa Recolectora del Norte S.R.L., a trav\u00e9s de su Apoderado Teodoro Centuri\u00f3n, a lo que se le sum\u00f3 el del Ministerio de Desarrollo Humano, mediante su Direcci\u00f3n de Bromatolog\u00eda, estamos en condiciones de afirmar que la recolecci\u00f3n, transporte, tratamiento y disposici\u00f3n final de los residuos biopatog\u00e9nicos en nuestra Jurisdicci\u00f3n, se est\u00e1n tratando por ahora dentro de los par\u00e1metros normativos vigentes y en el marco de la Emergencia Sanitaria y el Aislamiento Social Preventivo y Obligatorio decretado por el Gobierno Nacional y Provincial. El Ombudsman Provincial Dr. Jos\u00e9 Leonardo Gialluca, \u201cadvirti\u00f3 que en raz\u00f3n de los feriados vamos a llegar hasta el d\u00eda lunes 13 de julio con las garant\u00edas de que los residuos biopatog\u00e9nicos sean recolectados y tratados normalmente\u201d. Ahora bien, si la Justicia Provincial no se expide sobre una -Medida Autosatisfactiva- que se encuentra en tr\u00e1mite y por la cual se est\u00e1 pidiendo que se Intime al -Sindicato de Camioneros- a no obstaculizar la salida y entrada de los veh\u00edculos especialmente destinados a este trabajo y que se encuentran bajo la \u00f3rbita de la Firma Recolectora del Norte S.R.L.; con seguridad se\u00f1alamos que se pondr\u00e1 nuevamente en peligro y en grave riesgo a toda la salud de los ciudadanos que habitamos esta provincia, como consecuencia de acciones de hechos que no permiten por parte del Sindicato antes se\u00f1alado trabajar libremente a una Empresa, ya que entienden que a trav\u00e9s de presiones y medidas de fuerza, sin utilizar los canales Institucionales o la Justicia, pretenden quebrantar todo el esquema de salubridad p\u00fablica que llevan adelante las Autoridades Competentes del Estado Provincial para evitar la propagaci\u00f3n del coronavirus en nuestra Comunidad.<\/p>\n","protected":false},"excerpt":{"rendered":"<p>Los Sindicatos de Formosa deben sumarse a garantizar el mejor status sanitario para la Comunidad de la Provincia y dejar de paso medidas de fuerzas que impidan las presentaciones esenciales como lo constituyen entre otras la Recolecci\u00f3n y Tratamiento de Residuos Biopatog\u00e9nicos, que en la actualidad se generan en mayor cantidad-<\/p>\n","protected":false},"author":1,"featured_media":10936,"comment_status":"closed","ping_status":"closed","sticky":false,"template":"","format":"standard","meta":{"footnotes":""},"categories":[1],"tags":[],"class_list":["post-10935","post","type-post","status-publish","format-standard","has-post-thumbnail","hentry","category-noticias"],"_links":{"self":[{"href":"https:\/\/defensoriaformosa.gob.ar\/index.php?rest_route=\/wp\/v2\/posts\/10935","targetHints":{"allow":["GET"]}}],"collection":[{"href":"https:\/\/defensoriaformosa.gob.ar\/index.php?rest_route=\/wp\/v2\/posts"}],"about":[{"href":"https:\/\/defensoriaformosa.gob.ar\/index.php?rest_route=\/wp\/v2\/types\/post"}],"author":[{"embeddable":true,"href":"https:\/\/defensoriaformosa.gob.ar\/index.php?rest_route=\/wp\/v2\/users\/1"}],"replies":[{"embeddable":true,"href":"https:\/\/defensoriaformosa.gob.ar\/index.php?rest_route=%2Fwp%2Fv2%2Fcomments&post=10935"}],"version-history":[{"count":1,"href":"https:\/\/defensoriaformosa.gob.ar\/index.php?rest_route=\/wp\/v2\/posts\/10935\/revisions"}],"predecessor-version":[{"id":10937,"href":"https:\/\/defensoriaformosa.gob.ar\/index.php?rest_route=\/wp\/v2\/posts\/10935\/revisions\/10937"}],"wp:featuredmedia":[{"embeddable":true,"href":"https:\/\/defensoriaformosa.gob.ar\/index.php?rest_route=\/wp\/v2\/media\/10936"}],"wp:attachment":[{"href":"https:\/\/defensoriaformosa.gob.ar\/index.php?rest_route=%2Fwp%2Fv2%2Fmedia&parent=10935"}],"wp:term":[{"taxonomy":"category","embeddable":true,"href":"https:\/\/defensoriaformosa.gob.ar\/index.php?rest_route=%2Fwp%2Fv2%2Fcategories&post=10935"},{"taxonomy":"post_tag","embeddable":true,"href":"https:\/\/defensoriaformosa.gob.ar\/index.php?rest_route=%2Fwp%2Fv2%2Ftags&post=10935"}],"curies":[{"name":"wp","href":"https:\/\/api.w.org\/{rel}","templated":true}]}}