{"id":10929,"date":"2020-07-07T16:17:25","date_gmt":"2020-07-07T19:17:25","guid":{"rendered":"http:\/\/2015.defensoriaformosa.gob.ar\/?p=10929"},"modified":"2020-07-07T16:17:25","modified_gmt":"2020-07-07T19:17:25","slug":"la-defensoria-del-pueblo-gestiona-que-se-pague-el-tercer-ife-para-formosa-y-tambien-la-implementacion-del-programa-potenciar-trabajo","status":"publish","type":"post","link":"https:\/\/defensoriaformosa.gob.ar\/?p=10929","title":{"rendered":"LA DEFENSORIA DEL PUEBLO GESTIONA QUE SE PAGUE EL TERCER IFE PARA FORMOSA Y TAMBIEN LA IMPLEMENTACION DEL PROGRAMA \u201cPOTENCIAR TRABAJO\u201d"},"content":{"rendered":"<p><strong>Encontr\u00e1ndose en debate el otorgamiento y posterior pago del tercer -IFE- para la Provincia de Formosa y ante el anuncio del Presidente de la Naci\u00f3n, Alberto Fern\u00e1ndez, acerca de la decisi\u00f3n pol\u00edtica de concretarlo, pero limitando el mismo a determinadas Jurisdicciones, donde se deban restringir o mantener las limitaciones a la circulaci\u00f3n o contacto social a causa de la emergencia sanitaria que se vive; la Defensor\u00eda del Pueblo, remiti\u00f3 Actuaciones Formales a la Administraci\u00f3n Nacional de Seguridad Social a cargo de la Directora Ejecutiva Lic. Maria Fernanda Raverta y a la Secretaria de Seguridad Social de Naci\u00f3n a cargo del Dr. Luis Bulit Go\u00f1i, a fin de solicitar que dichos organismos consideren la posibilidad de incluir a la Provincia de Formosa entre las jurisdicciones cuyos habitantes reciban un tercer abono del IFE.<\/strong><\/p>\n<p><!--more--><\/p>\n<p>El planteo se efectu\u00f3, por un lado, teniendo en cuenta las medidas restrictivas que a\u00fan se encuentran vigentes para evitar la propagaci\u00f3n del coronavirus, m\u00e1s a\u00fan ahora, debido a los casos positivos que se han detectado a ra\u00edz de la repatriaci\u00f3n de formose\u00f1os que se encontraban en diferentes puntos del pa\u00eds y, tambi\u00e9n, en miras a las consecuencias socio-econ\u00f3micas que ha provocado y, seguramente dejar\u00e1 como secuela, la Pandemia provocada por el COVID-19 en toda la Argentina. Por ello, y al margen de la fase en la que se encuentra esta Provincia, lo cierto es que existen marcadas asimetr\u00edas desde el punto de vista econ\u00f3mico, social y estructural entre las diferentes provincias del pa\u00eds. Lo que, de alguna manera, viene a justificar la necesidad y oportunidad de incluir a Formosa entre las destinatarias de este tercer desembolso. A este respecto, es sustancial tener presente que nuestra Provincia se encuentra muy alejada de los grandes centros de producci\u00f3n de alimentos, productos y servicios. Por esta raz\u00f3n, los costos que abonamos por los mismos son sensiblemente superiores que en el resto del pa\u00eds, dada la incidencia de fletes y de otras variables micro y macroecon\u00f3micas, entre las que no podemos dejar de mencionar la especulaci\u00f3n empresarial. Tambi\u00e9n, es propicio resaltar que Formosa, como las dem\u00e1s provincias del NEA, es considerada \u201celectrodependiente\u201d por no tener acceso al gas natural por redes. Lo cual, sumado al clima extremo que caracteriza a esta zona del pa\u00eds, determina que los usuarios formose\u00f1os abonemos facturas de servicio m\u00e1s elevadas que en el resto de la Argentina. Extremos facticos que determinan que la capacidad de nuestras econom\u00edas locales para hacer frente a la crisis que se profundiza con esta emergencia sanitaria y econ\u00f3mica, sea sensiblemente inferior a la de otras provincias, donde funcionan las grandes industrias y\/o se desarrollan las producciones primarias a gran escala. Circunstancia que se evidencia en el hecho de que las IFE que se han otorgado en todo el pa\u00eds, en l\u00edneas generales, representan el 60% de la poblaci\u00f3n y, en el caso de las Provincias del NEA, este porcentaje se incrementa al 80%. El Ombudsman Provincial Dr. Jos\u00e9 Leonardo Gialluca, inform\u00f3 que, la Segunda Cuota de la IFE fue cobrada por 164.781 formose\u00f1os, con lo cual, deviene patente el impacto positivo que tendr\u00e1 el pago de una tercera cuota y no solo para los destinatarios de este Programa Nacional, sino tambi\u00e9n para todos los actores del circuito econ\u00f3mico local, entre ellos, peque\u00f1os proveedores de productos y servicios, que generalmente se caracterizan por ser comercios de cercan\u00eda o monotributistas que viven de sus oficios o profesiones. Gialluca, se\u00f1al\u00f3 que, para el eventual caso de no otorgarse a nuestra provincia el tercer pago del IFE, solicit\u00f3 al Ministro de Desarrollo Social de Naci\u00f3n, Daniel Arroyo, implemente de manera urgente en nuestra Jurisdicci\u00f3n el Programa \u201cPotenciar Trabajo\u201d como pol\u00edtica social, \u201cdonde se vinculan los planes sociales con el trabajo, buscando impulsar la econom\u00eda de abajo hacia arriba\u201d.<\/p>\n","protected":false},"excerpt":{"rendered":"<p>Encontr\u00e1ndose en debate el otorgamiento y posterior pago del tercer -IFE- para la Provincia de Formosa y ante el anuncio del Presidente de la Naci\u00f3n, Alberto Fern\u00e1ndez, acerca de la decisi\u00f3n pol\u00edtica de concretarlo, pero limitando el mismo a determinadas Jurisdicciones, donde se deban restringir o mantener las limitaciones a la circulaci\u00f3n o contacto social [&hellip;]<\/p>\n","protected":false},"author":1,"featured_media":10930,"comment_status":"closed","ping_status":"closed","sticky":false,"template":"","format":"standard","meta":{"footnotes":""},"categories":[1],"tags":[],"class_list":["post-10929","post","type-post","status-publish","format-standard","has-post-thumbnail","hentry","category-noticias"],"_links":{"self":[{"href":"https:\/\/defensoriaformosa.gob.ar\/index.php?rest_route=\/wp\/v2\/posts\/10929","targetHints":{"allow":["GET"]}}],"collection":[{"href":"https:\/\/defensoriaformosa.gob.ar\/index.php?rest_route=\/wp\/v2\/posts"}],"about":[{"href":"https:\/\/defensoriaformosa.gob.ar\/index.php?rest_route=\/wp\/v2\/types\/post"}],"author":[{"embeddable":true,"href":"https:\/\/defensoriaformosa.gob.ar\/index.php?rest_route=\/wp\/v2\/users\/1"}],"replies":[{"embeddable":true,"href":"https:\/\/defensoriaformosa.gob.ar\/index.php?rest_route=%2Fwp%2Fv2%2Fcomments&post=10929"}],"version-history":[{"count":1,"href":"https:\/\/defensoriaformosa.gob.ar\/index.php?rest_route=\/wp\/v2\/posts\/10929\/revisions"}],"predecessor-version":[{"id":10931,"href":"https:\/\/defensoriaformosa.gob.ar\/index.php?rest_route=\/wp\/v2\/posts\/10929\/revisions\/10931"}],"wp:featuredmedia":[{"embeddable":true,"href":"https:\/\/defensoriaformosa.gob.ar\/index.php?rest_route=\/wp\/v2\/media\/10930"}],"wp:attachment":[{"href":"https:\/\/defensoriaformosa.gob.ar\/index.php?rest_route=%2Fwp%2Fv2%2Fmedia&parent=10929"}],"wp:term":[{"taxonomy":"category","embeddable":true,"href":"https:\/\/defensoriaformosa.gob.ar\/index.php?rest_route=%2Fwp%2Fv2%2Fcategories&post=10929"},{"taxonomy":"post_tag","embeddable":true,"href":"https:\/\/defensoriaformosa.gob.ar\/index.php?rest_route=%2Fwp%2Fv2%2Ftags&post=10929"}],"curies":[{"name":"wp","href":"https:\/\/api.w.org\/{rel}","templated":true}]}}