{"id":10919,"date":"2020-07-04T16:28:37","date_gmt":"2020-07-04T19:28:37","guid":{"rendered":"http:\/\/2015.defensoriaformosa.gob.ar\/?p=10919"},"modified":"2020-07-05T20:46:38","modified_gmt":"2020-07-05T23:46:38","slug":"los-consumidores-del-norte-del-pais-estamos-condenados-a-adquirir-productos-de-menor-calidad-y-a-precios-superiores-inclusve-a-los-de-primeras-marcas","status":"publish","type":"post","link":"https:\/\/defensoriaformosa.gob.ar\/?p=10919","title":{"rendered":"LOS CONSUMIDORES DEL NORTE DEL PAIS ESTAMOS CONDENADOS A ADQUIRIR PRODUCTOS DE MENOR CALIDAD Y A PRECIOS SUPERIORES INCLUSIVE A LOS DE PRIMERAS MARCAS"},"content":{"rendered":"<p><strong>Se solicit\u00f3 a la Secretaria de Comercio Interior, la reglamentaci\u00f3n de la Ley de G\u00f3ndolas, lo cual permitir\u00e1 que nuestros productos provinciales tengan mayor posibilidad de ser comercializados y adem\u00e1s instrumentar alternativas para el Norte del Pa\u00eds, donde los alimentos con Precios M\u00e1ximos brillan por su ausencia en los comercios mayoristas y minoristas.<\/strong><\/p>\n<p><!--more--><br \/>\nDesde la Defensor\u00eda del Pueblo, su -Direcci\u00f3n de Usuarios, Consumidores y Relaciones de Consumo-, afirm\u00f3 que actualmente existen comercios de nuestro medio que adquieren productos de marcas \u201cno incluidas en los Acuerdos de Precios M\u00e1ximos\u201d para eludir el tope de costos de los productos alimenticios, de higiene personal y limpieza. Con relaci\u00f3n al particular, el Ombudsman Provincial, Dr. Jos\u00e9 Leonardo Gialluca, ratific\u00f3 la vigencia del Programa de Precios M\u00e1ximos hasta el 30 de Agosto del corriente a\u00f1o, merced a la pr\u00f3rroga operada recientemente luego del dictado de la Resoluci\u00f3n N\u00ba 200\/20 de la Secretar\u00eda de Comercio Interior, a cargo de la Lic. Paula Espa\u00f1ol. Gialluca se\u00f1al\u00f3 que, existen dos cuestiones importantes que resaltar sobre la aplicaci\u00f3n de este programa, la primera, conforme a lo adelantado es que, algunos giros comerciales, con el fin de eludir la limitaci\u00f3n de precios, adquieren productos de marcas no incluidas en el listado de valores sugeridos. Esto nos obliga, como consumidores, a estar atentos para no caer en malas pr\u00e1cticas comerciales. Sin perjuicio de ello, subray\u00f3 el Funcionario Provincial, trabajamos para dar respuesta a este \u201cnuevo modo de especulaci\u00f3n\u201d. La otra cuesti\u00f3n, se vincula con el hecho de que existen verdaderas campa\u00f1as medi\u00e1ticas para desacreditar las acciones llevadas adelante por parte del Estado Nacional y Provincial a fin de proteger la econom\u00eda de los consumidores. En este contexto coexisten sectores con intereses de toda \u00edndole, ajenos al bien com\u00fan, que no comprenden a\u00fan que estamos frente a situaciones nunca vividas por nuestra sociedad y no entienden que el inter\u00e9s personal, gremial, empresarial y\/o cualquier otro que no sea el p\u00fablico, ser\u00e1 rechazado de plano. Sin dudas quienes no tienen otra visi\u00f3n, que el fracaso de las Pol\u00edticas P\u00fablicas tendientes al respeto de estas prioridades, no esperan otra cosa que la Pr\u00f3rroga de los Precios M\u00e1ximos de Referencia fracase y expresan, por ejemplo, que lo hacen, porque no se permite el ajuste de precios. Hecho falso, pues la Resoluci\u00f3n citada, estatuye que, en aquellos casos en los que se acrediten debidamente variaciones en las estructuras de costos que afecten sustancialmente la situaci\u00f3n econ\u00f3mica financiera de los sujetos alcanzados por el -Programa de Precios M\u00e1ximos de Referencia-, con posterioridad al d\u00eda 6 de marzo de 2020, pueden establecer nuevos valores de los productos incluidos, los que estar\u00e1n sujetos a la fiscalizaci\u00f3n de razonabilidad de dichos aumentos por parte de la Secretar\u00eda de Comercio Interior de la Naci\u00f3n, como autoridad de aplicaci\u00f3n. Gialluca se\u00f1al\u00f3, adem\u00e1s, la necesidad de reglamentar la sancionada Ley de G\u00f3ndolas para fortalecer la comercializaci\u00f3n de alimentos que se producen en nuestra provincia, \u201cFormosa es una Jurisdicci\u00f3n tomadora de precios y no formadora, por lo cual, todos los comerciantes minoristas se abastecen de los mayoristas que existen en nuestra plaza local y si no encuentran los productos del Programa, ofrecen a los consumidores otros bienes, pero a mayores precios. Igualmente, los grandes supermercados o cadenas, est\u00e1n dejando de comprar a sus proveedores extraprovinciales toda vez que las empresas productoras de alimentos no respetan los precios de referencia, con lo cual, -los consumidores estamos obligados al no tener alternativas, a adquirir alimentos de menor calidad, pero a valores superiores inclusive a los de primera marca-. En este contexto, es que requerimos a la Secretaria de Comercio Interior, \u201cque tenga una mirada m\u00e1s federal y se puedan implementar programas ya sea con precios uniformes en todo el pa\u00eds o en su defecto instrumentar Precios Diferenciales por Regiones, toda vez que actualmente los consumidores de las grandes urbes de la argentina, son los \u00fanicos beneficiados con la pr\u00f3rroga de Precios M\u00e1ximos de Referencia y los consumidores del NEA &#8211; NOA, nos debemos conformar con adquirir cualquier marca de alimentos, pero a precios mucho m\u00e1s altos, toda vez que de los 1.447 productos en las g\u00f3ndolas, no encontramos pr\u00e1cticamente a ninguno\u201d.<\/p>\n","protected":false},"excerpt":{"rendered":"<p>Se solicit\u00f3 a la Secretaria de Comercio Interior, la reglamentaci\u00f3n de la Ley de G\u00f3ndolas, lo cual permitir\u00e1 que nuestros productos provinciales tengan mayor posibilidad de ser comercializados y adem\u00e1s instrumentar alternativas para el Norte del Pa\u00eds, donde los alimentos con Precios M\u00e1ximos brillan por su ausencia en los comercios mayoristas y minoristas.<\/p>\n","protected":false},"author":1,"featured_media":10920,"comment_status":"closed","ping_status":"closed","sticky":false,"template":"","format":"standard","meta":{"footnotes":""},"categories":[1],"tags":[],"class_list":["post-10919","post","type-post","status-publish","format-standard","has-post-thumbnail","hentry","category-noticias"],"_links":{"self":[{"href":"https:\/\/defensoriaformosa.gob.ar\/index.php?rest_route=\/wp\/v2\/posts\/10919","targetHints":{"allow":["GET"]}}],"collection":[{"href":"https:\/\/defensoriaformosa.gob.ar\/index.php?rest_route=\/wp\/v2\/posts"}],"about":[{"href":"https:\/\/defensoriaformosa.gob.ar\/index.php?rest_route=\/wp\/v2\/types\/post"}],"author":[{"embeddable":true,"href":"https:\/\/defensoriaformosa.gob.ar\/index.php?rest_route=\/wp\/v2\/users\/1"}],"replies":[{"embeddable":true,"href":"https:\/\/defensoriaformosa.gob.ar\/index.php?rest_route=%2Fwp%2Fv2%2Fcomments&post=10919"}],"version-history":[{"count":2,"href":"https:\/\/defensoriaformosa.gob.ar\/index.php?rest_route=\/wp\/v2\/posts\/10919\/revisions"}],"predecessor-version":[{"id":10925,"href":"https:\/\/defensoriaformosa.gob.ar\/index.php?rest_route=\/wp\/v2\/posts\/10919\/revisions\/10925"}],"wp:featuredmedia":[{"embeddable":true,"href":"https:\/\/defensoriaformosa.gob.ar\/index.php?rest_route=\/wp\/v2\/media\/10920"}],"wp:attachment":[{"href":"https:\/\/defensoriaformosa.gob.ar\/index.php?rest_route=%2Fwp%2Fv2%2Fmedia&parent=10919"}],"wp:term":[{"taxonomy":"category","embeddable":true,"href":"https:\/\/defensoriaformosa.gob.ar\/index.php?rest_route=%2Fwp%2Fv2%2Fcategories&post=10919"},{"taxonomy":"post_tag","embeddable":true,"href":"https:\/\/defensoriaformosa.gob.ar\/index.php?rest_route=%2Fwp%2Fv2%2Ftags&post=10919"}],"curies":[{"name":"wp","href":"https:\/\/api.w.org\/{rel}","templated":true}]}}