{"id":10553,"date":"2020-04-01T21:17:30","date_gmt":"2020-04-02T00:17:30","guid":{"rendered":"http:\/\/2015.defensoriaformosa.gob.ar\/?p=10553"},"modified":"2020-04-01T21:17:30","modified_gmt":"2020-04-02T00:17:30","slug":"se-recuerda-con-atenciones-permanentes-el-dia-mundial-de-la-concientizacion-del-autismo","status":"publish","type":"post","link":"https:\/\/defensoriaformosa.gob.ar\/?p=10553","title":{"rendered":"SE RECUERDA CON ATENCIONES PERMANENTES EL D\u00cdA MUNDIAL DE LA CONCIENTIZACION DEL AUTISMO"},"content":{"rendered":"<p><strong>Desde el Organismo de la Constituci\u00f3n Provincial, su Titular el Ombudsman Provincial Dr. Jos\u00e9 Leonardo Gialluca, inform\u00f3 que celebramos este nuevo DIA MUNDIAL DE CONCIENTIZACION DEL AUTISMO, trabajando todos los d\u00edas y a cualquier hora, a favor, de estos grupos, altamente vulnerables, que hoy con las restricciones a circular que enfrentamos, frente a la pandemia del coronavirus COVIS_19.<\/strong><\/p>\n<p><!--more--><br \/>\nEs por esta raz\u00f3n que recordamos a los padres y a cualquier ciudadano de nuestra Provincia, que estamos atendiendo a los correos electr\u00f3nicos denuncia@formosa.gov.ar \u2013 depuefor@fibertel.com.ar y a trav\u00e9s de la aplicaci\u00f3n de chat para tel\u00e9fonos m\u00f3viles whatsapp, cuyos n\u00fameros son 370 4365924 \u2013 370 4259358 y 370 4073359 y desde el formulario de contacto del sitio web https:\/\/2015.defensoriaformosa.gob.ar\/formulario-de-contacto.<br \/>\nEl Dr. Jos\u00e9 Leonardo Gialluca, record\u00f3 que ayer hemos atendido a una madre con su hija con autismo y le hemos podido solucionar Institucionalmente, con nuestro Cuerpo de Asesores, lo que se nos plante\u00f3 a favor de una menor. En este contexto la Sra. Caballero, encontr\u00e1ndose en Gar\u00edn Provincia de Buenos Aires, y a quien se le resolvi\u00f3 un tema de obra social y medicamentos, de all\u00ed el agradecimiento de la Madre v\u00eda whatsapp.<\/p>\n<p>\u201cMUY AGRADECIDA CON TODOS USTEDES!!! AQU\u00cd EN GAR\u00cdN PARTIDO DE ESCOBAR, ESTAMOS CON MI HIJA AILYN EN CUARENTENA DESDE EL 16 DE MARZO, IMAG\u00cdNESE EL DIF\u00cdCIL MOMENTO POR EL QUE TENGO QUE PASAR JUNTO A MI PEQUE\u00d1A, ELLA NO COMPRENDE TODO ESTO. DIOS BENDIGA A CADA UNO DE LOS QUE INTEGRAN ESTE GRAN E IMPORTANTE EQUIPO EN DEFENSOR\u00cdA DEL PUEBLO DE NUESTRA QUERIDA PROVINCIA DE FORMOSA. \u00a1SALUDOS!\u201d<\/p>\n<p><img loading=\"lazy\" decoding=\"async\" class=\"alignleft size-full wp-image-10551\" src=\"https:\/\/2015.defensoriaformosa.gob.ar\/wp-content\/uploads\/2020\/04\/agradecimiento_copy_500x877.jpg\" alt=\"\" width=\"500\" height=\"877\" srcset=\"https:\/\/defensoriaformosa.gob.ar\/wp-content\/uploads\/2020\/04\/agradecimiento_copy_500x877.jpg 500w, https:\/\/defensoriaformosa.gob.ar\/wp-content\/uploads\/2020\/04\/agradecimiento_copy_500x877-171x300.jpg 171w\" sizes=\"auto, (max-width: 500px) 100vw, 500px\" \/><\/p>\n","protected":false},"excerpt":{"rendered":"<p>Desde el Organismo de la Constituci\u00f3n Provincial, su Titular el Ombudsman Provincial Dr. Jos\u00e9 Leonardo Gialluca, inform\u00f3 que celebramos este nuevo DIA MUNDIAL DE CONCIENTIZACION DEL AUTISMO, trabajando todos los d\u00edas y a cualquier hora, a favor, de estos grupos, altamente vulnerables, que hoy con las restricciones a circular que enfrentamos, frente a la pandemia [&hellip;]<\/p>\n","protected":false},"author":1,"featured_media":10551,"comment_status":"closed","ping_status":"closed","sticky":false,"template":"","format":"standard","meta":{"footnotes":""},"categories":[1,6],"tags":[],"class_list":["post-10553","post","type-post","status-publish","format-standard","has-post-thumbnail","hentry","category-noticias","category-salud"],"_links":{"self":[{"href":"https:\/\/defensoriaformosa.gob.ar\/index.php?rest_route=\/wp\/v2\/posts\/10553","targetHints":{"allow":["GET"]}}],"collection":[{"href":"https:\/\/defensoriaformosa.gob.ar\/index.php?rest_route=\/wp\/v2\/posts"}],"about":[{"href":"https:\/\/defensoriaformosa.gob.ar\/index.php?rest_route=\/wp\/v2\/types\/post"}],"author":[{"embeddable":true,"href":"https:\/\/defensoriaformosa.gob.ar\/index.php?rest_route=\/wp\/v2\/users\/1"}],"replies":[{"embeddable":true,"href":"https:\/\/defensoriaformosa.gob.ar\/index.php?rest_route=%2Fwp%2Fv2%2Fcomments&post=10553"}],"version-history":[{"count":1,"href":"https:\/\/defensoriaformosa.gob.ar\/index.php?rest_route=\/wp\/v2\/posts\/10553\/revisions"}],"predecessor-version":[{"id":10554,"href":"https:\/\/defensoriaformosa.gob.ar\/index.php?rest_route=\/wp\/v2\/posts\/10553\/revisions\/10554"}],"wp:featuredmedia":[{"embeddable":true,"href":"https:\/\/defensoriaformosa.gob.ar\/index.php?rest_route=\/wp\/v2\/media\/10551"}],"wp:attachment":[{"href":"https:\/\/defensoriaformosa.gob.ar\/index.php?rest_route=%2Fwp%2Fv2%2Fmedia&parent=10553"}],"wp:term":[{"taxonomy":"category","embeddable":true,"href":"https:\/\/defensoriaformosa.gob.ar\/index.php?rest_route=%2Fwp%2Fv2%2Fcategories&post=10553"},{"taxonomy":"post_tag","embeddable":true,"href":"https:\/\/defensoriaformosa.gob.ar\/index.php?rest_route=%2Fwp%2Fv2%2Ftags&post=10553"}],"curies":[{"name":"wp","href":"https:\/\/api.w.org\/{rel}","templated":true}]}}