{"id":10546,"date":"2020-04-01T19:24:40","date_gmt":"2020-04-01T22:24:40","guid":{"rendered":"http:\/\/2015.defensoriaformosa.gob.ar\/?p=10546"},"modified":"2020-04-01T19:24:40","modified_gmt":"2020-04-01T22:24:40","slug":"denuncio-la-defensoria-aumentos-abusivos-en-carne-frutas-y-verduras-desde-que-comenzo-el-aislamiento","status":"publish","type":"post","link":"https:\/\/defensoriaformosa.gob.ar\/?p=10546","title":{"rendered":"DENUNCIO LA DEFENSORIA AUMENTOS ABUSIVOS EN CARNE, FRUTAS Y VERDURAS DESDE QUE COMENZ\u00d3 EL AISLAMIENTO"},"content":{"rendered":"<p><strong>En el d\u00eda de hoy a las 9.30hs se mantendr\u00e1 en la sede del Organismo de la Constituci\u00f3n una Reuni\u00f3n de Trabajo con los principales Proveedores de frutas y verduras para transparentar todos los valores y de ser viable firmar un -Acuerdo de Precios Mayoristas Sugeridos para Frutas y Verduras-, al mismo tiempo el Organismo de la Constituci\u00f3n ha requerido a todos los Frigor\u00edficos Habilitados, a los que se les solicito cumplan con la Resoluci\u00f3n N\u00ba 103\/20 por lo que deber\u00e1n informar semanalmente la cantidad diaria de kilos de media res y cuero vacuno comercializados, su precio promedio diario de venta por unidad de medida y la categor\u00eda de origen de tales productos-<\/strong><\/p>\n<p><!--more--><\/p>\n<p>Desde que comenz\u00f3 la cuarentena obligatoria en el pa\u00eds, en distintos comercios de Formosa, los consumidores vienen sufriendo un importante aumento de precios de las verduras y la carne, en comparaci\u00f3n con los valores de hace diez d\u00edas, algunos productos muestran incrementos que rozan hasta m\u00e1s del 100%. Esta situaci\u00f3n la denunciaron consumidores de verduler\u00edas y del Mercado Frutihort\u00edcola, al igual que quienes asisten a ciertas carnicer\u00edas. En este \u00faltimo caso, la situaci\u00f3n lleg\u00f3 al punto en que la Naci\u00f3n estableci\u00f3 que la industria frigor\u00edfica de carne bovina y b\u00fafalos deben informar los precios promedios de sus productos y la cantidad de kilogramos que venden a diario. El Ombudsman Provincial Dr. Jos\u00e9 Leonardo Gialluca, conjuntamente con el Representante de la Defensor\u00eda del Pueblo de Naci\u00f3n, intimaron con car\u00e1cter urgente a la Firma comercial Aguirre Hermanos S.R.L. y se citara tambi\u00e9n al proveedor Arrua Barrios Alberto, con el objeto de que presenten las facturas mediante las cuales adquirieron los productos y as\u00ed poder contar formalmente, con las pruebas necesarias, por las cuales deber\u00e1n cumplir con las Resoluciones de la Secretaria de Comercio de Naci\u00f3n o en su defecto ser\u00e1n duramente sancionados y con la posibilidad de clausuras de sus locales. Por otra parte, se remiti\u00f3 una nueva Instancia a la Secretar\u00eda de Comercio Interior de la Naci\u00f3n de la Naci\u00f3n, a cargo de Paula Irene Espa\u00f1ol, a los efectos de que sean desplegadas acciones concretas sobre dos maniobras que en este momento est\u00e1n haciendo que el costo de las frutas y verduras se disparen en los hogares argentinos, en general y formose\u00f1os, en particular. Por un lado, se resalt\u00f3 que, hasta el momento, el rubro frutas y verduras, no se ha incluido dentro del \u201cPrograma de Precios Cuidados\u201d dada las variaciones estacionales de costos que sufren dichos productos. Pero en este tiempo y dadas las circunstancias excepcionales surgidas desde que el Estado Nacional ha dispuesto medidas extraordinarias para hacer frente a la llegada de la Pandemia generada por el COVID 19 (Coronavirus), han comenzado a surgir dos elementos \u201cdistorsivos\u201d del sector productivo frutihort\u00edcola. Por un lado, el retiro de una importante proporci\u00f3n de la oferta, que operaba a la sombra de las leyes impositivas, es decir en negro. Circunstancia esta que hace que exista menor oferta y por ende aumente la demanda con el consecuente aumento en el precio de los productos. A ello debe sum\u00e1rsele el mayor costo del flete puesto que, cuanto menos en teor\u00eda, los camiones llegan a los centros de distribuci\u00f3n del interior, como Formosa y deben regresar sin carga, pues ciertas producciones locales provinciales incipientes se hallan paralizadas. El golpe final que marca la distorsi\u00f3n total del mercado frutihort\u00edcola, se halla en las circunstancias que un gran n\u00famero de municipios ha comenzado a establecer verdaderos grav\u00e1menes aduaneros internos, imponiendo la constituci\u00f3n de un permiso especial para transponerlos, lo que genera barreras burocr\u00e1ticas que encarecen el transporte. \u201cTodo este contexto \u2013 se\u00f1al\u00f3 el Defensor del Pueblo, Jos\u00e9 Leonardo Gialluca \u2013 nos muestra la despreciable actitud de algunos sectores que ven en la alerta sanitaria con las consecuentes limitaciones a la circulaci\u00f3n de las personas, una posibilidad de lucrar en exceso dadas las dif\u00edciles circunstancias por las que atravesamos. Si bien, sobre el permiso \u00fanico de circulaci\u00f3n ya se esta trabajando aceleradamente, subray\u00f3 el funcionario, a\u00fan resta caer sobre los sectores especulativos de la venta en negro y el sobre precio sobre los fletes. Precisamente con relaci\u00f3n a estos \u00edtems requerimos a la Secretaria de Comercio Interior que desplieguen medidas que lleven a la regularizaci\u00f3n del tr\u00e1fico de productos hacia los centros de concentraci\u00f3n, sin desmedro del adecuado trato impositivo que seguramente se deber\u00e1 coordinar con la AFIP- Delegaci\u00f3n Formosa y la Direcci\u00f3n de Rentas Provincial. &#8211;<\/p>\n<p>Se adjunta fotograf\u00eda.<\/p>\n","protected":false},"excerpt":{"rendered":"<p>En el d\u00eda de hoy a las 9.30hs se mantendr\u00e1 en la sede del Organismo de la Constituci\u00f3n una Reuni\u00f3n de Trabajo con los principales Proveedores de frutas y verduras para transparentar todos los valores y de ser viable firmar un -Acuerdo de Precios Mayoristas Sugeridos para Frutas y Verduras-, al mismo tiempo el Organismo [&hellip;]<\/p>\n","protected":false},"author":1,"featured_media":10548,"comment_status":"closed","ping_status":"closed","sticky":false,"template":"","format":"standard","meta":{"footnotes":""},"categories":[1],"tags":[],"class_list":["post-10546","post","type-post","status-publish","format-standard","has-post-thumbnail","hentry","category-noticias"],"_links":{"self":[{"href":"https:\/\/defensoriaformosa.gob.ar\/index.php?rest_route=\/wp\/v2\/posts\/10546","targetHints":{"allow":["GET"]}}],"collection":[{"href":"https:\/\/defensoriaformosa.gob.ar\/index.php?rest_route=\/wp\/v2\/posts"}],"about":[{"href":"https:\/\/defensoriaformosa.gob.ar\/index.php?rest_route=\/wp\/v2\/types\/post"}],"author":[{"embeddable":true,"href":"https:\/\/defensoriaformosa.gob.ar\/index.php?rest_route=\/wp\/v2\/users\/1"}],"replies":[{"embeddable":true,"href":"https:\/\/defensoriaformosa.gob.ar\/index.php?rest_route=%2Fwp%2Fv2%2Fcomments&post=10546"}],"version-history":[{"count":1,"href":"https:\/\/defensoriaformosa.gob.ar\/index.php?rest_route=\/wp\/v2\/posts\/10546\/revisions"}],"predecessor-version":[{"id":10549,"href":"https:\/\/defensoriaformosa.gob.ar\/index.php?rest_route=\/wp\/v2\/posts\/10546\/revisions\/10549"}],"wp:featuredmedia":[{"embeddable":true,"href":"https:\/\/defensoriaformosa.gob.ar\/index.php?rest_route=\/wp\/v2\/media\/10548"}],"wp:attachment":[{"href":"https:\/\/defensoriaformosa.gob.ar\/index.php?rest_route=%2Fwp%2Fv2%2Fmedia&parent=10546"}],"wp:term":[{"taxonomy":"category","embeddable":true,"href":"https:\/\/defensoriaformosa.gob.ar\/index.php?rest_route=%2Fwp%2Fv2%2Fcategories&post=10546"},{"taxonomy":"post_tag","embeddable":true,"href":"https:\/\/defensoriaformosa.gob.ar\/index.php?rest_route=%2Fwp%2Fv2%2Ftags&post=10546"}],"curies":[{"name":"wp","href":"https:\/\/api.w.org\/{rel}","templated":true}]}}