{"id":10535,"date":"2020-03-29T18:22:05","date_gmt":"2020-03-29T21:22:05","guid":{"rendered":"http:\/\/2015.defensoriaformosa.gob.ar\/?p=10535"},"modified":"2020-03-29T18:22:05","modified_gmt":"2020-03-29T21:22:05","slug":"ordeno-la-justicia-a-los-supermercados-denunciados-que-en-24-horas-deben-cumplir-con-los-precios-maximos-de-referencia-bajo-apercibimiento-de-sanciones-economicas-progresivas","status":"publish","type":"post","link":"https:\/\/defensoriaformosa.gob.ar\/?p=10535","title":{"rendered":"ORDENO LA JUSTICIA A LOS SUPERMERCADOS DENUNCIADOS QUE EN 24 HORAS DEBEN CUMPLIR CON LOS PRECIOS M\u00c1XIMOS DE REFERENCIA, BAJO APERCIBIMIENTO DE SANCIONES ECON\u00d3MICAS PROGRESIVAS"},"content":{"rendered":"<p><strong>-Se fij\u00f3 como base la cantidad de 20 JUS, por cada d\u00eda de retraso, lo que alcanza a unos $ 25 mil pesos. A partir de ahora todos los Supermercados y Comercios deber\u00e1n exhibir e informar a todos los consumidores en lugares visibles el listado de Precios M\u00e1ximos de Referencia para Formosa, fijados por la Secretar\u00eda de Comercio de Naci\u00f3n, alcanzados por la Resoluci\u00f3n N .100 del 19_03_20, con los Precios Vigentes al d\u00eda 6 de marzo del 2020-<\/strong><\/p>\n<p><!--more--><\/p>\n<p>Frente a los sobreprecios, remarcaciones y abusos de ciertos Supermercados y Comercios de nuestra Ciudad y a los fines de proteger los Derechos Econ\u00f3micos y a la Salud de todos los consumidores ,en una acci\u00f3n articulada desde el Gobierno de la Provincia de Formosa, por decisi\u00f3n del Sr Gobernador Dr. Gildo Insfr\u00e1n, y del Ministerio de Econom\u00eda, Hacienda y Finanzas, junto al Ministerio de Gobierno, Justicia ,Seguridad y Trabajo ,el Consejo Integral de Atenci\u00f3n a la Emergencia y todos los Intendentes y Presidentes de Comisiones de Fomento de nuestro territorio, la Defensor\u00eda del Pueblo mediante su Titular Dr. Jos\u00e9 Leonardo Gialluca y su Cuerpo de Asesores, interpusieron el d\u00eda S\u00e1bado 28 del corriente una Acci\u00f3n Autosatisfac\u00eda contra la Firma \u00bb El Pajarito SA\u00bb, \u00bb La Curvita \u00abpropiedad de Vilma Nelida Gomez Palavecino, con domicilio en Av. N\u00e9stor Kirchner N .7.475 e INGECON SRL, conocida como \u00abSupermercado STOCK\u00bb. Como consecuencia de ello la Dra. Graciela Patricia Lugo, Juez de Feria Extraordinaria, Orden\u00f3, a todos los antes citados, a que en el t\u00e9rmino de veinticuatro horas den estricto cumplimiento a lo dispuesto por la Resoluci\u00f3n N 100\/2020 de la Secretaria de Comercio Interior dependiente del Ministerio de Desarrollo Productivo de la Naci\u00f3n, a fin de que respeten los precios m\u00e1ximos de venta al consumidor final conforme listado de 263 productos para la Provincia de Formosa. En caso de incumplimientos se aplicar\u00e1n sanciones conminatorias progresivas. El Ombudsman Provincial, destac\u00f3 que la Jueza de Feria, se\u00f1al\u00f3 que en raz\u00f3n de las necesidades sanitarias y al haberse advertido que se verificaron aumentos generalizados en los precios de venta de productos, tanto de ALIMENTOS, como de HIGIENE Y CUIDADO PERSONAL, por parte de empresas de diversa capacidad econ\u00f3mica, las que resultantes irrazonables ,se implement\u00f3 por el t\u00e9rmino de 30 d\u00edas corridos desde la entrada en vigencia de las Leyes 20680 y 27541,la fijaci\u00f3n de precios m\u00e1ximos de bienes de consumo general a los VALORES VIGENTES AL 06 DE MARZO DEL CORRIENTE A\u00d1O. Se abund\u00f3, que esta medida aplicable a aquellos supuestos debidamente fundados y acreditados y toda vez que la situaci\u00f3n descripta por el Defensor del Pueblo de la Provincia de Formosa, implica una conducta contraria a Derecho por parte de los titulares de los comercios demandados, la Magistrada decidi\u00f3 hacer lugar a la Medida Interpuesta por el Organismo de la Constituci\u00f3n. A\u00f1adi\u00f3 tambi\u00e9n el Fallo que de los controles realizados se evidenci\u00f3 que los productos y marcas regulados no se encuentran en g\u00f3ndolas o las mismas se hallan vac\u00edas, LO QUE PRESUPONE UN CASO DE OCULTAMIENTO DE MERCADER\u00cdAS A FIN DE ESPECULAR CON AUMENTOS DE PRECIOS. Por \u00faltimo Gialluca, se\u00f1al\u00f3 que frente a la actual situaci\u00f3n de crisis sanitaria existente y que golpea con mayor fuerza, a los sectores m\u00e1s vulnerables de nuestra Comunidad, lo que le estamos pidiendo a los due\u00f1os de los supermercados y COMERCIOS en general, es nada m\u00e1s ni nada menos \u00bb que respeten el precio de los alimentos y productos de higiene\u00bb ,y FUNDAMENTALMENTE GARANTIZAR EL ABASTECIMIENTO, pues como se\u00f1al\u00f3 nuestro Papa Francisco, \u00abNadie se Salva Solo\u00bb y esta es la oportunidad que tenemos desde un Estado Provincial presente y activo, trabajar con todos los sectores privados de bienes y servicios, pero siempre sin especulaciones y con toda la informaci\u00f3n necesaria para los consumidores, sin quienes, ninguno de los supermercados existir\u00eda y por ello es que los sobreprecios y los faltantes de mala fe ,no tienen cabida en nuestro mercado, pues siempre estaremos del lado del sector m\u00e1s d\u00e9bil, que no son otros que los consumidores, m\u00e1s a\u00fan hoy cuando tienen restringida su posibilidad de desplazamiento, para castigar a los que incumplen con las normas vigentes, en un mercado altamente concentrado y sin competencia como el Formose\u00f1o.<\/p>\n","protected":false},"excerpt":{"rendered":"<p>-Se fij\u00f3 como base la cantidad de 20 JUS, por cada d\u00eda de retraso, lo que alcanza a unos $ 25 mil pesos. A partir de ahora todos los Supermercados y Comercios deber\u00e1n exhibir e informar a todos los consumidores en lugares visibles el listado de Precios M\u00e1ximos de Referencia para Formosa, fijados por la [&hellip;]<\/p>\n","protected":false},"author":1,"featured_media":10536,"comment_status":"closed","ping_status":"closed","sticky":false,"template":"","format":"standard","meta":{"footnotes":""},"categories":[1],"tags":[],"class_list":["post-10535","post","type-post","status-publish","format-standard","has-post-thumbnail","hentry","category-noticias"],"_links":{"self":[{"href":"https:\/\/defensoriaformosa.gob.ar\/index.php?rest_route=\/wp\/v2\/posts\/10535","targetHints":{"allow":["GET"]}}],"collection":[{"href":"https:\/\/defensoriaformosa.gob.ar\/index.php?rest_route=\/wp\/v2\/posts"}],"about":[{"href":"https:\/\/defensoriaformosa.gob.ar\/index.php?rest_route=\/wp\/v2\/types\/post"}],"author":[{"embeddable":true,"href":"https:\/\/defensoriaformosa.gob.ar\/index.php?rest_route=\/wp\/v2\/users\/1"}],"replies":[{"embeddable":true,"href":"https:\/\/defensoriaformosa.gob.ar\/index.php?rest_route=%2Fwp%2Fv2%2Fcomments&post=10535"}],"version-history":[{"count":1,"href":"https:\/\/defensoriaformosa.gob.ar\/index.php?rest_route=\/wp\/v2\/posts\/10535\/revisions"}],"predecessor-version":[{"id":10537,"href":"https:\/\/defensoriaformosa.gob.ar\/index.php?rest_route=\/wp\/v2\/posts\/10535\/revisions\/10537"}],"wp:featuredmedia":[{"embeddable":true,"href":"https:\/\/defensoriaformosa.gob.ar\/index.php?rest_route=\/wp\/v2\/media\/10536"}],"wp:attachment":[{"href":"https:\/\/defensoriaformosa.gob.ar\/index.php?rest_route=%2Fwp%2Fv2%2Fmedia&parent=10535"}],"wp:term":[{"taxonomy":"category","embeddable":true,"href":"https:\/\/defensoriaformosa.gob.ar\/index.php?rest_route=%2Fwp%2Fv2%2Fcategories&post=10535"},{"taxonomy":"post_tag","embeddable":true,"href":"https:\/\/defensoriaformosa.gob.ar\/index.php?rest_route=%2Fwp%2Fv2%2Ftags&post=10535"}],"curies":[{"name":"wp","href":"https:\/\/api.w.org\/{rel}","templated":true}]}}