{"id":10530,"date":"2020-03-28T18:36:38","date_gmt":"2020-03-28T21:36:38","guid":{"rendered":"http:\/\/2015.defensoriaformosa.gob.ar\/?p=10530"},"modified":"2020-03-28T18:36:38","modified_gmt":"2020-03-28T21:36:38","slug":"solicito-la-defensoria-medidas-a-favor-de-los-titulares-de-planes-de-autoahorro-tenedores-de-hipotecarios-uva-e-inquilinos-de-viviendas-familiares-unicas","status":"publish","type":"post","link":"https:\/\/defensoriaformosa.gob.ar\/?p=10530","title":{"rendered":"SOLICITO LA DEFENSOR\u00cdA MEDIDAS A FAVOR DE LOS TITULARES DE PLANES DE AUTOAHORRO, TENEDORES DE HIPOTECARIOS UVA E INQUILINOS DE VIVIENDAS FAMILIARES UNICAS"},"content":{"rendered":"<p><strong>Como consecuencia del aislamiento social preventivo obligatorio dispuesto por el Gobierno Nacional as\u00ed como por el Gobierno de la Provincia de Formosa, y de los diversos efectos que esto produce en la comunidad, la Defensor\u00eda del Pueblo le peticiono a los Organismos Nacionales Competentes, la implementaci\u00f3n de medidas tendientes a paliar la dif\u00edcil situaci\u00f3n que est\u00e1n atravesando los tenedores de cr\u00e9ditos UVA, de planes de autoahorro y los locatarios de vivienda, quienes adem\u00e1s de los inconvenientes anteriores ahora deben afrontar la ca\u00edda de sus ingresos debido a las medidas para combatir la pandemia de Covid 19. <\/strong><\/p>\n<p><!--more--><\/p>\n<p>As\u00ed se solicit\u00f3 al Presidente del Banco Central de la Rep\u00fablica Argentina (BCRA) que, \u201cen el marco de su competencia, resuelva la pr\u00f3rroga de los vencimientos de las cuotas correspondientes a los meses en que persistan las medidas de excepci\u00f3n determinadas por la emergencia sanitaria, disponi\u00e9ndose que las mismas sean recuperadas en el futuro, en forma progresiva y sin que ello implique el cobro de intereses\u201d. Adem\u00e1s, se le requiri\u00f3 al organismo nacional que \u201cse congele la Unidad de Valor Adquisitivos (UVA) a los fines de que, superada la situaci\u00f3n de emergencia, su actualizaci\u00f3n no implique un salto en las cuotas que deber\u00e1n afrontar los deudores hipotecarios\u201d. El Ombudsman Provincial, Dr. Jos\u00e9 Leonardo Gialluca inform\u00f3 que hace tiempo venimos gestionando Institucionalmente distintas medidas en esta tem\u00e1tica dado los importantes incrementos de las cuotas en los meses anteriores, por esto se le record\u00f3 al BCRA que, mediante la Ley N\u00ba 27.541 de Solidaridad Social y Reactivamente Productiva en el marco de la Emergencia P\u00fablica, \u201cse le concedi\u00f3 al Banco Central la facultad de evaluar la situaci\u00f3n de estos cr\u00e9ditos y estudiar mecanismos tendientes a mitigar los efectos negativos atendiendo al criterio del esfuerzo compartido\u201d. Por otra parte, el Organismo de la Constituci\u00f3n tambi\u00e9n les remiti\u00f3 nuevas instancias a la Inspecci\u00f3n General de Justicia y a la C\u00e1mara de Ahorro Previo de Automotores (Capa) solicit\u00e1ndoles la pr\u00f3rroga de los vencimientos de cuotas mientras contin\u00faen las medidas de excepci\u00f3n. En las mismas, se record\u00f3 que \u201clos titulares de planes de autoahorro vienen padeciendo el incremento de sus cuotas de una manera significativa desde el a\u00f1o 2018, situaci\u00f3n derivada fundamentalmente en la devaluaci\u00f3n de la moneda y el consiguiente aumento del precio de las unidades cero kil\u00f3metros\u201d. Por \u00faltimo, se dirigi\u00f3 una Actuaci\u00f3n a la Secretar\u00eda de Comercio Interior. La Defensor\u00eda del Pueblo de Formosa destaco que el Gobierno Nacional viene realizando algunas medidas para paliar la situaci\u00f3n de quienes no pueden afrontar el pago de los alquileres de sus viviendas, consider\u00f3 que tambi\u00e9n est\u00e1n en una situaci\u00f3n apremiante aquellas personas a las cuales se les vence el contrato de alquiler en estos d\u00edas. \u201cSi bien es cierto que estamos en presencia de un contrato bilateral entre privados y que a los locatarios le asisten herramientas jur\u00eddicas suficientes consagradas en el C\u00f3digo Civil y Comercial de la Naci\u00f3n y en la Ley de Defensa al Consumidor, entendemos oportuno solicitarle que tenga a bien evaluar la cuesti\u00f3n planteada y, de as\u00ed considerarlo, articular con las autoridades nacionales la emisi\u00f3n de normativa tendiente a brindar respuestas a este universo de personas, contempl\u00e1ndose las pr\u00f3rrogas de contratos mientras persistan las medidas de excepci\u00f3n determinadas por la emergencia sanitaria ante la solicitud expresa de los locatarios, por esto se le requiri\u00f3 lo antes descripto a la Secretar\u00eda de Comercio Interior de la Naci\u00f3n.<\/p>\n","protected":false},"excerpt":{"rendered":"<p>Como consecuencia del aislamiento social preventivo obligatorio dispuesto por el Gobierno Nacional as\u00ed como por el Gobierno de la Provincia de Formosa, y de los diversos efectos que esto produce en la comunidad, la Defensor\u00eda del Pueblo le peticiono a los Organismos Nacionales Competentes, la implementaci\u00f3n de medidas tendientes a paliar la dif\u00edcil situaci\u00f3n que [&hellip;]<\/p>\n","protected":false},"author":1,"featured_media":10531,"comment_status":"closed","ping_status":"closed","sticky":false,"template":"","format":"standard","meta":{"footnotes":""},"categories":[1],"tags":[],"class_list":["post-10530","post","type-post","status-publish","format-standard","has-post-thumbnail","hentry","category-noticias"],"_links":{"self":[{"href":"https:\/\/defensoriaformosa.gob.ar\/index.php?rest_route=\/wp\/v2\/posts\/10530","targetHints":{"allow":["GET"]}}],"collection":[{"href":"https:\/\/defensoriaformosa.gob.ar\/index.php?rest_route=\/wp\/v2\/posts"}],"about":[{"href":"https:\/\/defensoriaformosa.gob.ar\/index.php?rest_route=\/wp\/v2\/types\/post"}],"author":[{"embeddable":true,"href":"https:\/\/defensoriaformosa.gob.ar\/index.php?rest_route=\/wp\/v2\/users\/1"}],"replies":[{"embeddable":true,"href":"https:\/\/defensoriaformosa.gob.ar\/index.php?rest_route=%2Fwp%2Fv2%2Fcomments&post=10530"}],"version-history":[{"count":1,"href":"https:\/\/defensoriaformosa.gob.ar\/index.php?rest_route=\/wp\/v2\/posts\/10530\/revisions"}],"predecessor-version":[{"id":10532,"href":"https:\/\/defensoriaformosa.gob.ar\/index.php?rest_route=\/wp\/v2\/posts\/10530\/revisions\/10532"}],"wp:featuredmedia":[{"embeddable":true,"href":"https:\/\/defensoriaformosa.gob.ar\/index.php?rest_route=\/wp\/v2\/media\/10531"}],"wp:attachment":[{"href":"https:\/\/defensoriaformosa.gob.ar\/index.php?rest_route=%2Fwp%2Fv2%2Fmedia&parent=10530"}],"wp:term":[{"taxonomy":"category","embeddable":true,"href":"https:\/\/defensoriaformosa.gob.ar\/index.php?rest_route=%2Fwp%2Fv2%2Fcategories&post=10530"},{"taxonomy":"post_tag","embeddable":true,"href":"https:\/\/defensoriaformosa.gob.ar\/index.php?rest_route=%2Fwp%2Fv2%2Ftags&post=10530"}],"curies":[{"name":"wp","href":"https:\/\/api.w.org\/{rel}","templated":true}]}}