{"id":10507,"date":"2020-03-24T14:08:37","date_gmt":"2020-03-24T17:08:37","guid":{"rendered":"http:\/\/2015.defensoriaformosa.gob.ar\/?p=10507"},"modified":"2020-03-24T14:08:37","modified_gmt":"2020-03-24T17:08:37","slug":"se-trabaja-en-controlar-los-abusos-garantizar-el-abastecimiento-y-que-se-cumplan-con-los-precios-maximos-para-alimentos-e-higiene-en-toda-la-provincia","status":"publish","type":"post","link":"https:\/\/defensoriaformosa.gob.ar\/?p=10507","title":{"rendered":"SE TRABAJA EN CONTROLAR LOS ABUSOS, GARANTIZAR EL ABASTECIMIENTO Y QUE SE CUMPLAN CON LOS \u201cPRECIOS M\u00c1XIMOS\u201d PARA ALIMENTOS E HIGIENE EN TODA LA PROVINCIA"},"content":{"rendered":"<p><strong>Se llevo a cabo una Reuni\u00f3n de Trabajo, en la que participaron el Ministro de Econom\u00eda Haciendas y Finanzas Dr. Jorge O. Ib\u00e1\u00f1ez, el Titular de la -F.E.F-, C.P. Enrique Zanin, por la CAPYMEF el Sr. Fabian Hryniewiczs, por la Federaci\u00f3n Farmac\u00e9utica de Formosa, Jos\u00e9 Recalde, el Defensor del Pueblo Dr. Jos\u00e9 Leonardo Gialluca, junto al Representante de la Defensor\u00eda del Pueblo de Naci\u00f3n Dr. Julio N. Santander, el Subsecretario de Defensa al Consumidor y Usuario V\u00edctor Jos\u00e9 Romea y por la Direcci\u00f3n de Bromatolog\u00eda de la Municipalidad de la Ciudad de Formosa, el Dr. Jorge Tarantini, que tuvo por objeto determinar nuevas acciones y gestiones que se llevaran adelante desde el Estado Provincial y los Municipios, con el acompa\u00f1amiento de las C\u00e1maras Empresarias de nuestro medio, \u201cpara detectar y sancionar con todos los instrumentos legales vigentes a quienes aumenten ileg\u00edtimamente el precio de los alimentos y productos de higiene en general\u201d; toda vez que la gravedad de la situaci\u00f3n sanitaria actual, exige Responsabilidad Social Empresarial en los hechos y adem\u00e1s que todos aquellos supermercados y comercios mayoristas y minoristas que se encuentren comprendidos, tanto en la cadena de producci\u00f3n, distribuci\u00f3n y comercializaci\u00f3n de los alimentos, \u201cdejen de lado las pr\u00e1cticas abusivas y tengan los precios en g\u00f3ndola, que no superen el listado de \u2013 Precios M\u00e1ximos- emitidos por la Secretaria de Comercio Interior de la Naci\u00f3n a trav\u00e9s de las Resoluciones N\u00ba 86 y 100 que obliga a retrotraer los precios al 15 de febrero e impide todo incremento por el lapso de 90 d\u00edas desde el 12 de marzo del corriente.<\/strong><\/p>\n<p><!--more--><\/p>\n<p>Desde el Organismo de la Constituci\u00f3n Provincial se se\u00f1alo que conjuntamente con la Subsecretaria de Defensa al Consumidor y Usuario, \u201cse Intimara bajo apercibimiento de ley, a todos los Proveedores de Alimentos que ingresan productos a nuestra provincia y se les exigir\u00e1 que env\u00eden las facturas, remitos o documentos que avalen la compra realizada\u201d y a partir de all\u00ed se analizara cada una de ellas, de modo que si se verifica alguna irregularidad, \u201c cualquier proveedor y tambi\u00e9n supermercados o comercios ser\u00e1n directamente clausurados\u201d. Asimismo se solicito a todos los consumidores, a t\u00edtulo de colaboraci\u00f3n que en caso de detectarse irregularidades o precios abusivos, como sucedi\u00f3 estos d\u00edas en el -Mercado Frutihort\u00edcola- donde, \u201cuno de los dos proveedores mas grandes de nuestra provincia de frutas y verduras, fijaron el precio de la bolsa de papas a $1.000 y el de cebolla a $850 cuando la semana pasada se estaban comercializando a $200 cada bolsa, lo que demuestra que aqu\u00ed directamente adem\u00e1s de abuso existi\u00f3 una conducta il\u00edcita que esta penada por el C.P.A. y que en estos casos seremos inflexibles y los denunciaremos. El Defensor del Pueblo inform\u00f3 que la actual Canasta B\u00e1sica Familiar est\u00e1 formada por alimentos, bebidas, y art\u00edculos de higiene personal y de limpieza. Por ello el Gobierno Nacional public\u00f3 este \u00faltimo s\u00e1bado la lista completa de precios m\u00e1ximos para los productos de primera necesidad. Se trata de unos 2.300 art\u00edculos dentro de 50 categor\u00edas. La lista contempla la vuelta de los precios al 6 de marzo en los bienes esenciales. El detalle completo de productos puede encontrarse www.argentina.gob.ar\/preciosmaximos, donde se buscan seg\u00fan la localidad. De esta forma se tiende a garantizar el abastecimiento y controlar el abuso de precios frente al impacto de la pandemia del Covid-19; y en caso de que no se cumplan, se aplicar\u00e1 la Ley de Abastecimiento, la de Lealtad Comercial y el C\u00f3digo Penal. \u201cVamos a ser implacables con los que cometan abusos o escondan mercader\u00eda\u201d, y adem\u00e1s pedimos a todos los consumidores, \u201cque utilicen las tarjetas de d\u00e9bito, de cr\u00e9dito y medios electr\u00f3nicos de pago y no el dinero o los billetes de distinta denominaci\u00f3n, toda vez que ninguna entidad bancaria, abrir\u00e1 sus puertas al p\u00fablico por ahora y todo se est\u00e1 manejando por los diferentes medios electr\u00f3nicos existentes.<\/p>\n","protected":false},"excerpt":{"rendered":"<p>Se llevo a cabo una Reuni\u00f3n de Trabajo, en la que participaron el Ministro de Econom\u00eda Haciendas y Finanzas Dr. Jorge O. Ib\u00e1\u00f1ez, el Titular de la -F.E.F-, C.P. Enrique Zanin, por la CAPYMEF el Sr. Fabian Hryniewiczs, por la Federaci\u00f3n Farmac\u00e9utica de Formosa, Jos\u00e9 Recalde, el Defensor del Pueblo Dr. Jos\u00e9 Leonardo Gialluca, junto [&hellip;]<\/p>\n","protected":false},"author":1,"featured_media":10508,"comment_status":"closed","ping_status":"closed","sticky":false,"template":"","format":"standard","meta":{"footnotes":""},"categories":[1,3],"tags":[],"class_list":["post-10507","post","type-post","status-publish","format-standard","has-post-thumbnail","hentry","category-noticias","category-defensa-de-los-derechos-del-usuario-consumidor-contribuyentes"],"_links":{"self":[{"href":"https:\/\/defensoriaformosa.gob.ar\/index.php?rest_route=\/wp\/v2\/posts\/10507","targetHints":{"allow":["GET"]}}],"collection":[{"href":"https:\/\/defensoriaformosa.gob.ar\/index.php?rest_route=\/wp\/v2\/posts"}],"about":[{"href":"https:\/\/defensoriaformosa.gob.ar\/index.php?rest_route=\/wp\/v2\/types\/post"}],"author":[{"embeddable":true,"href":"https:\/\/defensoriaformosa.gob.ar\/index.php?rest_route=\/wp\/v2\/users\/1"}],"replies":[{"embeddable":true,"href":"https:\/\/defensoriaformosa.gob.ar\/index.php?rest_route=%2Fwp%2Fv2%2Fcomments&post=10507"}],"version-history":[{"count":1,"href":"https:\/\/defensoriaformosa.gob.ar\/index.php?rest_route=\/wp\/v2\/posts\/10507\/revisions"}],"predecessor-version":[{"id":10509,"href":"https:\/\/defensoriaformosa.gob.ar\/index.php?rest_route=\/wp\/v2\/posts\/10507\/revisions\/10509"}],"wp:featuredmedia":[{"embeddable":true,"href":"https:\/\/defensoriaformosa.gob.ar\/index.php?rest_route=\/wp\/v2\/media\/10508"}],"wp:attachment":[{"href":"https:\/\/defensoriaformosa.gob.ar\/index.php?rest_route=%2Fwp%2Fv2%2Fmedia&parent=10507"}],"wp:term":[{"taxonomy":"category","embeddable":true,"href":"https:\/\/defensoriaformosa.gob.ar\/index.php?rest_route=%2Fwp%2Fv2%2Fcategories&post=10507"},{"taxonomy":"post_tag","embeddable":true,"href":"https:\/\/defensoriaformosa.gob.ar\/index.php?rest_route=%2Fwp%2Fv2%2Ftags&post=10507"}],"curies":[{"name":"wp","href":"https:\/\/api.w.org\/{rel}","templated":true}]}}