{"id":10502,"date":"2020-03-23T19:50:42","date_gmt":"2020-03-23T22:50:42","guid":{"rendered":"http:\/\/2015.defensoriaformosa.gob.ar\/?p=10502"},"modified":"2020-03-23T19:50:42","modified_gmt":"2020-03-23T22:50:42","slug":"la-defensoria-del-pueblo-llamo-a-conmemorar-este-24-de-marzo-por-los-medios-radiales-y-redes-sociales-pero-siempre-con-memoria-2","status":"publish","type":"post","link":"https:\/\/defensoriaformosa.gob.ar\/?p=10502","title":{"rendered":"LA DEFENSOR\u00cdA DEL PUEBLO, LLAMO A CONMEMORAR ESTE 24 DE MARZO, POR LOS MEDIOS RADIALES Y REDES SOCIALES, PERO SIEMPRE CON MEMORIA"},"content":{"rendered":"<p><strong>En un panorama mundial y nacional de emergencia sanitaria por la expansi\u00f3n de la pandemia del coronavirus, desde la -Direcci\u00f3n de Derechos Humanos- de la Defensor\u00eda del Pueblo, su titular Dr. Jos\u00e9 Leonardo Gialluca, junto al Representante de la Defensor\u00eda del Pueblo de Naci\u00f3n en Formosa ,Dr. Julio N\u00e9stor Santander, llamaron a no realizar ning\u00fan tipo de concentraciones, ya habr\u00e1 tiempo para ello, siendo importante hoy cumplir con las normas de aislamiento que nos pide el Gobierno Nacional y Provincial. En este contexto, si proponemos la visualizaci\u00f3n de \u00abPa\u00f1uelos Blancos\u00bb, como s\u00edmbolos de lucha, desde cada uno de nuestros hogares.<\/strong><\/p>\n<p><!--more--><\/p>\n<p>El Ombudsman Provincial, hizo un paralelo entre las fuerzas armadas de los a\u00f1os de la maldita represi\u00f3n, donde con los m\u00e1s sanguinarios m\u00e9todos, torturaron y mataron a SIMPLES ciudadanos, por el solo hecho de \u00bb pensar diferente o tener otras religiones o creencias\u00bb, as\u00ed mataron mujeres y secuestraron ni\u00f1os.<br \/>\nHoy no es posible el encuentro, cuerpo a cuerpo, los abrazos y los gritos de \u00bb 30 mil Compa\u00f1eros detenidos, desaparecidos \u00a1Presentes Ahora y Siempre \u00a1.<\/p>\n<p>Todo este sentir, traslad\u00e9moslo a las radios, a las redes sociales, en homenaje a nuestros 30 mil desaparecidos, haciendo resaltar la vida por sobre la muerte.<br \/>\nHoy las fuerzas armadas, ll\u00e1mese Ej\u00e9rcito, Prefectura, Gendarmer\u00eda, Polic\u00eda Provincial, est\u00e1n trabajando, \u00bb codo a codo\u00bb para evitar la propagaci\u00f3n del coronavirus, con hospitales de campa\u00f1a, elaborando alcohol en gel, barbijos tipo 1 y 2, s\u00e1banas e indumentarias descartables para m\u00e9dicos y enfermeros de todo el pa\u00eds, repatriando a nacionales que se encuentran aislados en diferentes pa\u00edses del mundo.<br \/>\nEsas son nuestras fuerzas armadas, NO LAS QUE PERSEGUIAN a los ciudadanos y los desaparec\u00edan o los obligaban al destierro, lejos de sus familias. Por ello saludamos Institucionalmente a estos nuevos ciudadanos con uniformes \u00abtotalmente integrados a la sociedad civil\u00bb. Parece llamativo, pero hoy celebramos y saludamos a estas mujeres y hombres, pues de todos los Pa\u00edses de Latinoam\u00e9rica, Argentina desde las pol\u00edticas p\u00fablicas implementadas por Ra\u00fal Alfons\u00edn y fundamentalmente por N\u00e9stor Kirchner, se han concretado las revisiones m\u00e1s profundas y los cambios m\u00e1s notables para avanzar en el control civil, democr\u00e1ticamente de las fuerzas armadas y tambi\u00e9n hay que destacar que en nuestro pa\u00eds los militares poseen una intervenci\u00f3n casi nula en la toma de decisiones para con los que habitamos esta tierra, y ello es producto de que tenemos una verdadera pol\u00edtica p\u00fablica militar y que \u00bb la violencia como opci\u00f3n pol\u00edtica ha sido desterrada de nuestra Sociedad\u00bb.<\/p>\n","protected":false},"excerpt":{"rendered":"<p>En un panorama mundial y nacional de emergencia sanitaria por la expansi\u00f3n de la pandemia del coronavirus, desde la -Direcci\u00f3n de Derechos Humanos- de la Defensor\u00eda del Pueblo, su titular Dr. Jos\u00e9 Leonardo Gialluca, junto al Representante de la Defensor\u00eda del Pueblo de Naci\u00f3n en Formosa ,Dr. Julio N\u00e9stor Santander, llamaron a no realizar ning\u00fan [&hellip;]<\/p>\n","protected":false},"author":1,"featured_media":10503,"comment_status":"closed","ping_status":"closed","sticky":false,"template":"","format":"standard","meta":{"footnotes":""},"categories":[1,6],"tags":[],"class_list":["post-10502","post","type-post","status-publish","format-standard","has-post-thumbnail","hentry","category-noticias","category-salud"],"_links":{"self":[{"href":"https:\/\/defensoriaformosa.gob.ar\/index.php?rest_route=\/wp\/v2\/posts\/10502","targetHints":{"allow":["GET"]}}],"collection":[{"href":"https:\/\/defensoriaformosa.gob.ar\/index.php?rest_route=\/wp\/v2\/posts"}],"about":[{"href":"https:\/\/defensoriaformosa.gob.ar\/index.php?rest_route=\/wp\/v2\/types\/post"}],"author":[{"embeddable":true,"href":"https:\/\/defensoriaformosa.gob.ar\/index.php?rest_route=\/wp\/v2\/users\/1"}],"replies":[{"embeddable":true,"href":"https:\/\/defensoriaformosa.gob.ar\/index.php?rest_route=%2Fwp%2Fv2%2Fcomments&post=10502"}],"version-history":[{"count":1,"href":"https:\/\/defensoriaformosa.gob.ar\/index.php?rest_route=\/wp\/v2\/posts\/10502\/revisions"}],"predecessor-version":[{"id":10504,"href":"https:\/\/defensoriaformosa.gob.ar\/index.php?rest_route=\/wp\/v2\/posts\/10502\/revisions\/10504"}],"wp:featuredmedia":[{"embeddable":true,"href":"https:\/\/defensoriaformosa.gob.ar\/index.php?rest_route=\/wp\/v2\/media\/10503"}],"wp:attachment":[{"href":"https:\/\/defensoriaformosa.gob.ar\/index.php?rest_route=%2Fwp%2Fv2%2Fmedia&parent=10502"}],"wp:term":[{"taxonomy":"category","embeddable":true,"href":"https:\/\/defensoriaformosa.gob.ar\/index.php?rest_route=%2Fwp%2Fv2%2Fcategories&post=10502"},{"taxonomy":"post_tag","embeddable":true,"href":"https:\/\/defensoriaformosa.gob.ar\/index.php?rest_route=%2Fwp%2Fv2%2Ftags&post=10502"}],"curies":[{"name":"wp","href":"https:\/\/api.w.org\/{rel}","templated":true}]}}