{"id":10475,"date":"2020-03-19T17:18:05","date_gmt":"2020-03-19T20:18:05","guid":{"rendered":"http:\/\/2015.defensoriaformosa.gob.ar\/?p=10475"},"modified":"2020-03-19T17:18:05","modified_gmt":"2020-03-19T20:18:05","slug":"solicitan-al-ministerio-de-cultura-y-educacion-que-se-cumplan-con-los-servicios-basicos-unicamente-con-guardias-minimas-evitando-aglomeraciones-innecsarias-y-peligrosas","status":"publish","type":"post","link":"https:\/\/defensoriaformosa.gob.ar\/?p=10475","title":{"rendered":"SOLICITAN AL MINISTERIO DE CULTURA Y EDUCACI\u00d3N QUE SE CUMPLAN CON LOS SERVICIOS B\u00c1SICOS UNICAMENTE, \u201cCON GUARDIAS M\u00cdNIMAS EVITANDO AGLOMERACIONES INNECSARIAS Y PELIGROSAS\u201d"},"content":{"rendered":"<p><strong>Desde la -Direcci\u00f3n de Salud- de la Defensor\u00eda del Pueblo, se solicit\u00f3 al Ministerio de Cultura y Educaci\u00f3n de la Provincia, a cargo del Dr. Alberto Zorrilla, que adopte las medidas necesarias y urgentes para que los servicios b\u00e1sicos a los que est\u00e1 obligada la Cartera (comedores escolares, educaci\u00f3n a distancia, tr\u00e1mites administrativos varios relacionados a educaci\u00f3n, etc.) y cuyos lineamientos fueron regulados desde el Ministerio de Educaci\u00f3n de la Naci\u00f3n por el Sr. Ministro Nicolas Trotta en el contexto de prevenci\u00f3n, a fin de evitar la circulaci\u00f3n del COVID19 (Coronavirus) en todos los diferentes \u00e1mbitos educativos y de all\u00ed a toda la Comunidad. <\/strong><\/p>\n<p><!--more--><\/p>\n<p>En dicho sentido, el Organismo de la Constituci\u00f3n Provincial, peticion\u00f3 se tenga en cuenta la necesidad de \u201cevitar las aglomeraciones\u201d propicias a favorecer el contagio del virus. A tal fin, el Ombudsman Provincial, Dr. Jos\u00e9 Leonardo Gialluca, remarc\u00f3 la necesidad de salvaguardar a educandos y docentes de los peligros que implica, en este momento, el contacto inmediato con las dem\u00e1s personas, habida cuenta de la proximidad territorial del pat\u00f3geno, presente en provincias vecinas como Chaco y Paraguay. Es por ello que, conteste con tal postura, requerimos tambi\u00e9n al Ministro de Educaci\u00f3n que esos \u00e1mbitos en los que confluyen cuerpos docentes, alumnos, padres, tutores, que no son otros que los establecimientos escolares, en atenci\u00f3n a la necesidad de la prestaci\u00f3n de los servicios b\u00e1sicos, ya mencionados, se adec\u00faen a las exigencias de las propias autoridades sanitarias provinciales y nacionales, en cuanto a que \u201cno sean sitios de aglomeraci\u00f3n\u201d con los riesgos que ello implica. Pues nuestro propio Presidente de la Naci\u00f3n Alberto Fern\u00e1ndez y el Gobernador Gildo Insfr\u00e1n, vienen trabajando denodadamente, \u201cjustamente para que no aumenten exponencialmente los casos de contagios de coronavirus y medidas irracionales no ayudan a las pol\u00edticas p\u00fablicas que todos acompa\u00f1amos y es por esto, que para ayudar a nuestras Autoridades Sanitarias, es que debemos evitar aglomeraciones innecesarias, de lo contrario, habr\u00e1 m\u00e1s casos como el de la EPET N\u00ba 1 y esto no est\u00e1 bien\u201d. En este orden de ideas, finaliz\u00f3 diciendo Gialluca, se pueden establecer guardias m\u00ednimas para labores administrativas y el desarrollo de las actividades de educaci\u00f3n a distancia, as\u00ed como hacer entrega o servir los alimentos en los comedores escolares, a la manera que se hace en otras jurisdicciones de nuestro Pa\u00eds, evitando afluencias innecesarias de gran n\u00famero de personas\u201d. \u201cEn virtud de la Pandemia desatada por el COVID19 (Coronavirus) de la cual no pueden permanecer ajenos los \u00e1mbitos nacionales y provinciales, en particular; vivimos una situaci\u00f3n en la que debemos extremar las medidas de prevenci\u00f3n del ingreso y circulaci\u00f3n del virus \u2013 afirm\u00f3 el funcionario \u2013 es por ello que tambi\u00e9n solicitamos a entidades privadas como supermercados, empresas de servicios p\u00fablicos, farmacias y otros, que eviten las aglomeraciones e intensifiquen la desinfecci\u00f3n de tales lugares.<\/p>\n","protected":false},"excerpt":{"rendered":"<p>Desde la -Direcci\u00f3n de Salud- de la Defensor\u00eda del Pueblo, se solicit\u00f3 al Ministerio de Cultura y Educaci\u00f3n de la Provincia, a cargo del Dr. Alberto Zorrilla, que adopte las medidas necesarias y urgentes para que los servicios b\u00e1sicos a los que est\u00e1 obligada la Cartera (comedores escolares, educaci\u00f3n a distancia, tr\u00e1mites administrativos varios relacionados [&hellip;]<\/p>\n","protected":false},"author":1,"featured_media":10476,"comment_status":"closed","ping_status":"closed","sticky":false,"template":"","format":"standard","meta":{"footnotes":""},"categories":[1,6],"tags":[],"class_list":["post-10475","post","type-post","status-publish","format-standard","has-post-thumbnail","hentry","category-noticias","category-salud"],"_links":{"self":[{"href":"https:\/\/defensoriaformosa.gob.ar\/index.php?rest_route=\/wp\/v2\/posts\/10475","targetHints":{"allow":["GET"]}}],"collection":[{"href":"https:\/\/defensoriaformosa.gob.ar\/index.php?rest_route=\/wp\/v2\/posts"}],"about":[{"href":"https:\/\/defensoriaformosa.gob.ar\/index.php?rest_route=\/wp\/v2\/types\/post"}],"author":[{"embeddable":true,"href":"https:\/\/defensoriaformosa.gob.ar\/index.php?rest_route=\/wp\/v2\/users\/1"}],"replies":[{"embeddable":true,"href":"https:\/\/defensoriaformosa.gob.ar\/index.php?rest_route=%2Fwp%2Fv2%2Fcomments&post=10475"}],"version-history":[{"count":1,"href":"https:\/\/defensoriaformosa.gob.ar\/index.php?rest_route=\/wp\/v2\/posts\/10475\/revisions"}],"predecessor-version":[{"id":10477,"href":"https:\/\/defensoriaformosa.gob.ar\/index.php?rest_route=\/wp\/v2\/posts\/10475\/revisions\/10477"}],"wp:featuredmedia":[{"embeddable":true,"href":"https:\/\/defensoriaformosa.gob.ar\/index.php?rest_route=\/wp\/v2\/media\/10476"}],"wp:attachment":[{"href":"https:\/\/defensoriaformosa.gob.ar\/index.php?rest_route=%2Fwp%2Fv2%2Fmedia&parent=10475"}],"wp:term":[{"taxonomy":"category","embeddable":true,"href":"https:\/\/defensoriaformosa.gob.ar\/index.php?rest_route=%2Fwp%2Fv2%2Fcategories&post=10475"},{"taxonomy":"post_tag","embeddable":true,"href":"https:\/\/defensoriaformosa.gob.ar\/index.php?rest_route=%2Fwp%2Fv2%2Ftags&post=10475"}],"curies":[{"name":"wp","href":"https:\/\/api.w.org\/{rel}","templated":true}]}}