{"id":10461,"date":"2020-03-17T17:56:37","date_gmt":"2020-03-17T20:56:37","guid":{"rendered":"http:\/\/2015.defensoriaformosa.gob.ar\/?p=10461"},"modified":"2020-03-17T17:56:37","modified_gmt":"2020-03-17T20:56:37","slug":"mas-medidas-preventivas-por-el-covid-19","status":"publish","type":"post","link":"https:\/\/defensoriaformosa.gob.ar\/?p=10461","title":{"rendered":"M\u00c1S MEDIDAS PREVENTIVAS POR EL COVID 19"},"content":{"rendered":"<p><strong>Hasta el 31 de marzo inclusive la Defensor\u00eda atender\u00e1 exclusivamente de manera telef\u00f3nica y v\u00eda Online.<\/strong><\/p>\n<p><!--more--><\/p>\n<p>La Defensor\u00eda del Pueblo de la Provincia, por intermedio de su Direcci\u00f3n de Salud y Vivienda comunic\u00f3 que, en virtud de la situaci\u00f3n sanitaria que se vive a nivel mundial por la Pandemia del COVID 19 (coronavirus), en aplicaci\u00f3n de las medidas dispuestas desde el Estado Provincial para la prevenci\u00f3n de la circulaci\u00f3n del virus en nuestra comunidad, a partir de hoy 18 de marzo, atender\u00e1 de manera exclusiva, hasta el 31 del corriente inclusive, telef\u00f3nicamente en los n\u00fameros fijos 3704-346379 &#8211; 3704-436320 \u2013 0800 444 1770, por WhatsApp al 3704365924 y por correos electr\u00f3nicos en denuncia@formosa.gov.ar \u2013 depuefor@fibertel.com.ar, a los que los interesados deber\u00e1n comunicar sus reclamos y cuestiones de tr\u00e1mite, los que ser\u00e1n asentados en el pertinente registro y gestionados para su resoluci\u00f3n tambi\u00e9n v\u00eda WEB, ante las personas y entidades reclamadas. Respecto de este particular, el Defensor del Pueblo de la Provincia, Jos\u00e9 Leonardo Gialluca, remarc\u00f3 que. \u201cEs preciso que la gente tome conciencia de la importancia de \u201cpermanecer en sus hogares\u201d por el tiempo en que las autoridades sanitarias provinciales y nacionales lo recomienden, destacando que, ante el riesgo inminente de llegada de la enfermedad a nuestra Provincia, la cuarentena no es una opci\u00f3n que tengamos los formose\u00f1os, sino una obligaci\u00f3n que debemos asumir para protegernos y proteger la salud de nuestros seres queridos. El virus ha demostrado una extraordinaria capacidad de contagio y expansi\u00f3n, subray\u00f3 el funcionario, tan es as\u00ed que ya nos ronda, pese a que estamos a m\u00e1s de 16.000 km de donde surgi\u00f3 all\u00e1, a finales del a\u00f1o pasado y en poco m\u00e1s de tres meses golpea a nuestra puerta. Debemos estar a la altura de las circunstancias, expres\u00f3 el Ombudsman y no subestimar el peligro, sin entrar en p\u00e1nico, haciendo lo necesario para que el virus no circule y la \u00fanica manera es \u201cqued\u00e1ndonos en casa\u201d y s\u00f3lo saliendo en caso de extrema urgencia para procurar alimentos o medicamentos indispensables, cumpliendo en todo momento con las medidas de higiene y prevenci\u00f3n aconsejadas desde el Ministerio de Desarrollo Humano del Gobierno de la Provincia\u201d. El funcionario recalc\u00f3 que, no obstante, la aludida restricci\u00f3n en la atenci\u00f3n en general por medios electr\u00f3nicos o telef\u00f3nicamente, excepcionalmente, como \u00fanica excepci\u00f3n, se recibir\u00e1n en la sede del Organismo de la Constituci\u00f3n, sito en Padre Pati\u00f1o 831, de 8 a 13 hs., los reclamos de extrema urgencia de salud con riesgo de vida, dada la gravedad de tales casos. Siempre respetando las medidas ya dispuestas para la atenci\u00f3n personal en cuanto al n\u00famero de personas a ingresar (no m\u00e1s de 6) y distancia (m\u00ednimo 1,5 metros). Se\u00f1alando que es preciso el valorar que no se podr\u00e1 poner freno al avance del virus sin un compromiso de toda la comunidad, el cual debe comenzar por quienes, eventualmente, hemos asumido una responsabilidad p\u00fablica.<\/p>\n","protected":false},"excerpt":{"rendered":"<p>Hasta el 31 de marzo inclusive la Defensor\u00eda atender\u00e1 exclusivamente de manera telef\u00f3nica y v\u00eda Online.<\/p>\n","protected":false},"author":1,"featured_media":10456,"comment_status":"closed","ping_status":"closed","sticky":false,"template":"","format":"standard","meta":{"footnotes":""},"categories":[1,6],"tags":[],"class_list":["post-10461","post","type-post","status-publish","format-standard","has-post-thumbnail","hentry","category-noticias","category-salud"],"_links":{"self":[{"href":"https:\/\/defensoriaformosa.gob.ar\/index.php?rest_route=\/wp\/v2\/posts\/10461","targetHints":{"allow":["GET"]}}],"collection":[{"href":"https:\/\/defensoriaformosa.gob.ar\/index.php?rest_route=\/wp\/v2\/posts"}],"about":[{"href":"https:\/\/defensoriaformosa.gob.ar\/index.php?rest_route=\/wp\/v2\/types\/post"}],"author":[{"embeddable":true,"href":"https:\/\/defensoriaformosa.gob.ar\/index.php?rest_route=\/wp\/v2\/users\/1"}],"replies":[{"embeddable":true,"href":"https:\/\/defensoriaformosa.gob.ar\/index.php?rest_route=%2Fwp%2Fv2%2Fcomments&post=10461"}],"version-history":[{"count":1,"href":"https:\/\/defensoriaformosa.gob.ar\/index.php?rest_route=\/wp\/v2\/posts\/10461\/revisions"}],"predecessor-version":[{"id":10462,"href":"https:\/\/defensoriaformosa.gob.ar\/index.php?rest_route=\/wp\/v2\/posts\/10461\/revisions\/10462"}],"wp:featuredmedia":[{"embeddable":true,"href":"https:\/\/defensoriaformosa.gob.ar\/index.php?rest_route=\/wp\/v2\/media\/10456"}],"wp:attachment":[{"href":"https:\/\/defensoriaformosa.gob.ar\/index.php?rest_route=%2Fwp%2Fv2%2Fmedia&parent=10461"}],"wp:term":[{"taxonomy":"category","embeddable":true,"href":"https:\/\/defensoriaformosa.gob.ar\/index.php?rest_route=%2Fwp%2Fv2%2Fcategories&post=10461"},{"taxonomy":"post_tag","embeddable":true,"href":"https:\/\/defensoriaformosa.gob.ar\/index.php?rest_route=%2Fwp%2Fv2%2Ftags&post=10461"}],"curies":[{"name":"wp","href":"https:\/\/api.w.org\/{rel}","templated":true}]}}