{"id":10440,"date":"2020-03-14T16:16:49","date_gmt":"2020-03-14T19:16:49","guid":{"rendered":"http:\/\/2015.defensoriaformosa.gob.ar\/?p=10440"},"modified":"2020-03-14T16:16:49","modified_gmt":"2020-03-14T19:16:49","slug":"la-defensoria-pedira-que-se-aplique-la-ley-n-26-562-para-evitar-y-controlar-las-quemas-de-campos-y-terrenos-para-aprovechamientos-productivos","status":"publish","type":"post","link":"https:\/\/defensoriaformosa.gob.ar\/?p=10440","title":{"rendered":"LA DEFENSORIA PEDIRA QUE SE APLIQUE LA LEY N\u00b0 26.562, PARA EVITAR Y CONTROLAR LAS QUEMAS DE CAMPOS Y TERRENOS PARA APROVECHAMIENTOS PRODUCTIVOS"},"content":{"rendered":"<p><strong>La -Direcci\u00f3n de Salud junto a la de Ambiente y Desarrollo Sustentable- de la Defensor\u00eda del Pueblo, propondr\u00e1 al Ministerio de la Producci\u00f3n y Ambiente y representantes de instituciones p\u00fablicas abocadas al manejo del fuego y construir una agenda de acciones conjuntas, tendientes a articular el acceso a los datos e informaci\u00f3n que generan distintos organismos provinciales y municipales, as\u00ed como gestionar y promover la investigaci\u00f3n y el desarrollo de nuevas tecnolog\u00edas para evaluar la potencialidad del peligro de incendios.<\/strong><\/p>\n<p><!--more--><\/p>\n<p>El Ombudsman Provincial, advirti\u00f3 que est\u00e1 vigente la Ley N\u00b0 26.562 que establece los Presupuestos M\u00ednimos de Protecci\u00f3n Ambiental para control de Actividades de Quema. Esta normativa se\u00f1al\u00f3 el funcionario, tiene por objeto prevenir incendios, da\u00f1os ambientales y riesgos a la salud y la seguridad p\u00fablica. Por ello nadie puede iniciar una quema si no est\u00e1 autorizado por la Autoridad Competente. Gialluca, dijo que no podemos quedarnos con la justificaci\u00f3n infantil del Presidente de la Sociedad Rural de Formosa, en cuanto a que los incendios en nuestro interior provincial se dan \u00abporque alguien arroja una colilla de cigarrillo al costado de las rutas\u201d. No decimos que esto no se puede dar, pero la realidad hoy, estamos viviendo grandes quemazones que hasta han tirado abajo postes y l\u00edneas de energ\u00eda el\u00e9ctrica pertenecientes a Refsa SA. Entonces, llamamos a ser responsables, y solidarios, pues en nuestro Pa\u00eds hace d\u00e9cadas que \u00abel suelo, la tierra que es de todos, viene subsidiando a los grandes productores que han crecido econ\u00f3micamente con la agricultura y la ganader\u00eda a costa del empobrecimiento de la tierra\u00bb, produciendo perdidas de valores culturales y espirituales, perdidas de la calidad del agua, aumentos de la contaminaci\u00f3n en el ambiente, afectando la diversidad biol\u00f3gica de bienes madereros y no madereros. Llegando con los incendios a agravar toda la actual situaci\u00f3n que viven hoy Poblaciones enteras y aumentando peligrosamente la inseguridad vial. El humo puede ocasionar v\u00edctimas fatales en las rutas por la falta de visibilidad y se expande hasta todas las ciudades y pueblos de nuestro interior provincial cada vez con mayor frecuencia. El incendio de las malezas en un campo es un recurso muy difundido al que los productores suelen apelar para mejorar los pastos u otros objetivos, coinciden los expertos ambientalistas. Sin embargo, para ello se requiere de un asesoramiento especial de quienes conocen c\u00f3mo manejar el fuego. Tambi\u00e9n es indispensable una serie de medidas preventivas, tales como: notificar a los vecinos y a las autoridades que se va a instrumentar esta pr\u00e1ctica; la elaboraci\u00f3n de un plan de contingencias; contrafuegos y medidas preventivas, y asesoramiento sobre las condiciones clim\u00e1ticas (porque hay t\u00e9cnicas asociadas a los vientos) en el momento de iniciar el fuego. Se reconoce al fuego como un elemento b\u00e1sico de la naturaleza, como un proceso que forma parte de algunos ecosistemas particulares. Pero en aquellos donde no sucede esto y donde el fuego es introducido por el hombre como fuerza de cambio, se lo considera un agente modificador del equilibrio natural, convirti\u00e9ndose en un peligro potencial que puede generar grandes impactos ambientales, econ\u00f3micos, sociales y a la salud de la poblaci\u00f3n sostienen los investigadores. En la medida en que haya impunidad, esta situaci\u00f3n va a continuar. Si lo que sucede no activa medidas de prevenci\u00f3n por parte del Estado Provincial y Municipal, de control y de aplicaci\u00f3n de normativas -con sanciones ejemplificadoras y desmoralizadoras para los potenciales responsables, lo que hoy es noticia se va a transformar en parte de la cotidianeidad de nuestra provincia.<\/p>\n","protected":false},"excerpt":{"rendered":"<p>La -Direcci\u00f3n de Salud junto a la de Ambiente y Desarrollo Sustentable- de la Defensor\u00eda del Pueblo, propondr\u00e1 al Ministerio de la Producci\u00f3n y Ambiente y representantes de instituciones p\u00fablicas abocadas al manejo del fuego y construir una agenda de acciones conjuntas, tendientes a articular el acceso a los datos e informaci\u00f3n que generan distintos [&hellip;]<\/p>\n","protected":false},"author":1,"featured_media":10441,"comment_status":"closed","ping_status":"closed","sticky":false,"template":"","format":"standard","meta":{"footnotes":""},"categories":[6],"tags":[],"class_list":["post-10440","post","type-post","status-publish","format-standard","has-post-thumbnail","hentry","category-salud"],"_links":{"self":[{"href":"https:\/\/defensoriaformosa.gob.ar\/index.php?rest_route=\/wp\/v2\/posts\/10440","targetHints":{"allow":["GET"]}}],"collection":[{"href":"https:\/\/defensoriaformosa.gob.ar\/index.php?rest_route=\/wp\/v2\/posts"}],"about":[{"href":"https:\/\/defensoriaformosa.gob.ar\/index.php?rest_route=\/wp\/v2\/types\/post"}],"author":[{"embeddable":true,"href":"https:\/\/defensoriaformosa.gob.ar\/index.php?rest_route=\/wp\/v2\/users\/1"}],"replies":[{"embeddable":true,"href":"https:\/\/defensoriaformosa.gob.ar\/index.php?rest_route=%2Fwp%2Fv2%2Fcomments&post=10440"}],"version-history":[{"count":1,"href":"https:\/\/defensoriaformosa.gob.ar\/index.php?rest_route=\/wp\/v2\/posts\/10440\/revisions"}],"predecessor-version":[{"id":10442,"href":"https:\/\/defensoriaformosa.gob.ar\/index.php?rest_route=\/wp\/v2\/posts\/10440\/revisions\/10442"}],"wp:featuredmedia":[{"embeddable":true,"href":"https:\/\/defensoriaformosa.gob.ar\/index.php?rest_route=\/wp\/v2\/media\/10441"}],"wp:attachment":[{"href":"https:\/\/defensoriaformosa.gob.ar\/index.php?rest_route=%2Fwp%2Fv2%2Fmedia&parent=10440"}],"wp:term":[{"taxonomy":"category","embeddable":true,"href":"https:\/\/defensoriaformosa.gob.ar\/index.php?rest_route=%2Fwp%2Fv2%2Fcategories&post=10440"},{"taxonomy":"post_tag","embeddable":true,"href":"https:\/\/defensoriaformosa.gob.ar\/index.php?rest_route=%2Fwp%2Fv2%2Ftags&post=10440"}],"curies":[{"name":"wp","href":"https:\/\/api.w.org\/{rel}","templated":true}]}}