{"id":10437,"date":"2020-03-14T16:14:41","date_gmt":"2020-03-14T19:14:41","guid":{"rendered":"http:\/\/2015.defensoriaformosa.gob.ar\/?p=10437"},"modified":"2020-03-14T16:14:41","modified_gmt":"2020-03-14T19:14:41","slug":"la-defensoria-peticiono-al-ministro-de-ambiente-de-nacion-autorizacion-para-utilizar-el-agua-del-parque-nacional-rio-pilcomayo-y-la-urgente-concrecion-del-acueducto-del-desarrollo-formoseno","status":"publish","type":"post","link":"https:\/\/defensoriaformosa.gob.ar\/?p=10437","title":{"rendered":"LA DEFENSOR\u00cdA PETICION\u00d3 AL MINISTRO DE AMBIENTE DE NACI\u00d3N AUTORIZACI\u00d3N PARA UTILIZAR EL AGUA DEL PARQUE NACIONAL R\u00cdO PILCOMAYO Y LA URGENTE CONCRECI\u00d3N DEL \u201cACUEDUCTO DEL DESARROLLO FORMOSE\u00d1O\u201d"},"content":{"rendered":"<p><strong>En los \u00faltimos meses, diferentes ciudades, pueblos, comunidades criollas y abor\u00edgenes de nuestro territorio provincial, principalmente de la zona norte, como as\u00ed tambi\u00e9n del oeste formose\u00f1o, vienen sufriendo la falta de agua potable como consecuencia de la ausencia de lluvias, siendo uno de los veranos m\u00e1s secos que se recuerde en los \u00faltimos 60 a\u00f1os, no solamente en lo que va del presente, sino tambi\u00e9n de los meses de octubre, noviembre y diciembre del 2019, lo que ha originado que los reservorios naturales se encuentren totalmente secos y por ello en varios lugares la provisi\u00f3n del vital l\u00edquido se realiza en determinadas horas del d\u00eda por las redes correspondientes y en otros a trav\u00e9s de camiones cisternas que dejan el agua en aljibes o tanques ubicados en los domicilios de las familias de cada lugar.<\/strong><\/p>\n<p><!--more--><\/p>\n<p>El clima sumamente cambiante hace que en estos \u00faltimos a\u00f1os tengamos en nuestra provincia inundaciones perjudiciales y al mismo tiempo sequ\u00edas que nos est\u00e1n afectando no solamente en lo esencial, que es el abastecimiento para el consumo humano de agua potable, sino tambi\u00e9n repercute negativamente en los productores agr\u00edcolas y ganaderos. De esta manera, represas, lagunas, madrejones, riachos se encuentran secos por la falta de lluvia. En este contexto, desde el Organismo de la Constituci\u00f3n, se peticion\u00f3 formalmente al Responsable de la Intendencia del Parque Nacional R\u00edo Pilcomayo Lic. Diego Albornoz la autorizaci\u00f3n necesaria para la utilizaci\u00f3n del agua de la denominada -Laguna Blanca-, ubicada dentro del predio del Parque Nacional R\u00edo Pilcomayo y as\u00ed poder atender las necesidades de agua potable de las localidades de Palma Sola, Naick-Neck, Laguna Blanca, Villa Lucero y las Colonias Abor\u00edgenes de La Primavera, El Palomar y otras que se encuentran en cercan\u00edas al citado espejo de agua. Al mismo tiempo, el Ombudsman Provincial Dr. Jos\u00e9 Leonardo Gialluca frente a la dram\u00e1tica situaci\u00f3n, de falta de agua potable en esta zona y en otras de nuestra Provincia, requiri\u00f3 al Presidente del Directorio de Parques Nacionales Ing. Daniel Somma y al Ministro de Ambiente y Desarrollo Sostenible de la Naci\u00f3n, Juan Cabandi\u00e9, a que se permita mediante la construcci\u00f3n de un canal u otra medida, tomar agua del predio del Parque Nacional antes citado y de esa manera poder luego potabilizarla y as\u00ed aliviar a todas estas poblaciones. Tambi\u00e9n, se reiter\u00f3 a Cabandi\u00e9, lo ya peticionado por el Se\u00f1or Gobernador Gildo Insfr\u00e1n para que se reactive de una vez por todas la obra del \u201cAcueducto del Desarrollo Formose\u00f1o\u201d, que lamentablemente fue dejado de lado por el Gobierno Nacional saliente y que como consecuencia de ello, si no hubi\u00e9ramos sido discriminados en cuanto a esta y a otros emprendimientos, hoy no estar\u00edamos viviendo esta situaci\u00f3n de falta de agua potable en la zona centro oeste de nuestro territorio provincial, y es por ello que se hace necesario, \u201crecordar que nunca el Estado Nacional debe desatender y menos a\u00fan olvidar a provincias como la nuestra\u201d.<\/p>\n","protected":false},"excerpt":{"rendered":"<p>En los \u00faltimos meses, diferentes ciudades, pueblos, comunidades criollas y abor\u00edgenes de nuestro territorio provincial, principalmente de la zona norte, como as\u00ed tambi\u00e9n del oeste formose\u00f1o, vienen sufriendo la falta de agua potable como consecuencia de la ausencia de lluvias, siendo uno de los veranos m\u00e1s secos que se recuerde en los \u00faltimos 60 a\u00f1os, [&hellip;]<\/p>\n","protected":false},"author":1,"featured_media":10438,"comment_status":"closed","ping_status":"closed","sticky":false,"template":"","format":"standard","meta":{"footnotes":""},"categories":[1],"tags":[],"class_list":["post-10437","post","type-post","status-publish","format-standard","has-post-thumbnail","hentry","category-noticias"],"_links":{"self":[{"href":"https:\/\/defensoriaformosa.gob.ar\/index.php?rest_route=\/wp\/v2\/posts\/10437","targetHints":{"allow":["GET"]}}],"collection":[{"href":"https:\/\/defensoriaformosa.gob.ar\/index.php?rest_route=\/wp\/v2\/posts"}],"about":[{"href":"https:\/\/defensoriaformosa.gob.ar\/index.php?rest_route=\/wp\/v2\/types\/post"}],"author":[{"embeddable":true,"href":"https:\/\/defensoriaformosa.gob.ar\/index.php?rest_route=\/wp\/v2\/users\/1"}],"replies":[{"embeddable":true,"href":"https:\/\/defensoriaformosa.gob.ar\/index.php?rest_route=%2Fwp%2Fv2%2Fcomments&post=10437"}],"version-history":[{"count":1,"href":"https:\/\/defensoriaformosa.gob.ar\/index.php?rest_route=\/wp\/v2\/posts\/10437\/revisions"}],"predecessor-version":[{"id":10439,"href":"https:\/\/defensoriaformosa.gob.ar\/index.php?rest_route=\/wp\/v2\/posts\/10437\/revisions\/10439"}],"wp:featuredmedia":[{"embeddable":true,"href":"https:\/\/defensoriaformosa.gob.ar\/index.php?rest_route=\/wp\/v2\/media\/10438"}],"wp:attachment":[{"href":"https:\/\/defensoriaformosa.gob.ar\/index.php?rest_route=%2Fwp%2Fv2%2Fmedia&parent=10437"}],"wp:term":[{"taxonomy":"category","embeddable":true,"href":"https:\/\/defensoriaformosa.gob.ar\/index.php?rest_route=%2Fwp%2Fv2%2Fcategories&post=10437"},{"taxonomy":"post_tag","embeddable":true,"href":"https:\/\/defensoriaformosa.gob.ar\/index.php?rest_route=%2Fwp%2Fv2%2Ftags&post=10437"}],"curies":[{"name":"wp","href":"https:\/\/api.w.org\/{rel}","templated":true}]}}