{"id":10432,"date":"2020-03-13T14:52:42","date_gmt":"2020-03-13T17:52:42","guid":{"rendered":"http:\/\/2015.defensoriaformosa.gob.ar\/?p=10432"},"modified":"2020-03-13T14:52:42","modified_gmt":"2020-03-13T17:52:42","slug":"la-defensoria-participo-de-jornada-de-concientizacion-contra-la-violencia-de-genero","status":"publish","type":"post","link":"https:\/\/defensoriaformosa.gob.ar\/?p=10432","title":{"rendered":"LA DEFENSOR\u00cdA PARTICIP\u00d3 DE JORNADA DE CONCIENTIZACI\u00d3N CONTRA LA VIOLENCIA DE G\u00c9NERO"},"content":{"rendered":"<p><strong>Durante la jornada ayer se realiz\u00f3 una campa\u00f1a informativa y de concientizaci\u00f3n organizada por la Secretar\u00eda de la Mujer de la Provincia de Formosa, a cargo de la Lic. Ang\u00e9lica Garc\u00eda, con el acompa\u00f1amiento de la Defensor\u00eda del Pueblo de la Provincia, en el marco del \u201cMes de la Mujer\u201d y de la fecha alusiva al pasado 8 de marzo. <\/strong><\/p>\n<p><!--more--><\/p>\n<p>Las actividades consistieron en la distribuci\u00f3n de folletos, asesoramiento legal y provisi\u00f3n de informaci\u00f3n relacionada con la tem\u00e1tica. Desde la vereda de la Peatonal, ambos organismos se dispusieron a tomar contacto con los transe\u00fantes, informarlos, hacerles entrega del material explicativo y asesorarlos, en tem\u00e1ticas como las de la salud, abuso, discapacidad, violencia en el noviazgo, derechos sexuales, servicios que brinda la Secretar\u00eda de la Mujer y la Defensor\u00eda del Pueblo, entre otros. A su turno, la Defensora del Pueblo, la Adjunta, Sylvina Portillo, destac\u00f3 que: \u201cSiguiendo el lema anual de las Naciones Unidas \u201cSoy de la Generaci\u00f3n Igualdad, por los derechos de las mujeres\u201d, fue entregado a los ocasionales transe\u00fantes, material relativo al Observatorio de Violencia de G\u00e9nero que funciona en las instalaciones del Organismo de la Constituci\u00f3n, desde el cual se proceden a realizar diferentes acciones, de intervenci\u00f3n, de visibilizaci\u00f3n del flagelo en nuestra provincia e investigativas, adem\u00e1s de proponer soluciones y ofrecer contenci\u00f3n a las mujeres v\u00edctimas en contextos de violencia. A partir de las nueve de la ma\u00f1ana hasta las once horas, se acercaron al emplazamiento en la Peatonal, personas interesadas en efectuar consultas e informarse sobre la actividad y la tem\u00e1tica, a m\u00e1s de la entrega de folletos e intercambio de experiencias. Es importante destacar, finaliz\u00f3 diciendo la funcionaria, que muy recientemente la Legislatura de Formosa sancion\u00f3 la ley de adhesi\u00f3n por unanimidad a la Ley 24.447, tambi\u00e9n conocida como Ley Micaela, que establece la capacitaci\u00f3n obligatoria en g\u00e9nero y violencia contra las mujeres para todas las personas que integran los tres poderes del Estado, siendo este un gran avance de la provincia a favor de sus habitantes, especialmente de las mujeres en situaciones de vulnerabilidad.\u201d Contando la Defensor\u00eda con un protocolo de intervenci\u00f3n para el caso de acudir alguna persona con una denuncia de Violencia de G\u00e9nero al Organismo. -\u201d<\/p>\n","protected":false},"excerpt":{"rendered":"<p>Durante la jornada ayer se realiz\u00f3 una campa\u00f1a informativa y de concientizaci\u00f3n organizada por la Secretar\u00eda de la Mujer de la Provincia de Formosa, a cargo de la Lic. Ang\u00e9lica Garc\u00eda, con el acompa\u00f1amiento de la Defensor\u00eda del Pueblo de la Provincia, en el marco del \u201cMes de la Mujer\u201d y de la fecha alusiva [&hellip;]<\/p>\n","protected":false},"author":1,"featured_media":10433,"comment_status":"closed","ping_status":"closed","sticky":false,"template":"","format":"standard","meta":{"footnotes":""},"categories":[1],"tags":[],"class_list":["post-10432","post","type-post","status-publish","format-standard","has-post-thumbnail","hentry","category-noticias"],"_links":{"self":[{"href":"https:\/\/defensoriaformosa.gob.ar\/index.php?rest_route=\/wp\/v2\/posts\/10432","targetHints":{"allow":["GET"]}}],"collection":[{"href":"https:\/\/defensoriaformosa.gob.ar\/index.php?rest_route=\/wp\/v2\/posts"}],"about":[{"href":"https:\/\/defensoriaformosa.gob.ar\/index.php?rest_route=\/wp\/v2\/types\/post"}],"author":[{"embeddable":true,"href":"https:\/\/defensoriaformosa.gob.ar\/index.php?rest_route=\/wp\/v2\/users\/1"}],"replies":[{"embeddable":true,"href":"https:\/\/defensoriaformosa.gob.ar\/index.php?rest_route=%2Fwp%2Fv2%2Fcomments&post=10432"}],"version-history":[{"count":1,"href":"https:\/\/defensoriaformosa.gob.ar\/index.php?rest_route=\/wp\/v2\/posts\/10432\/revisions"}],"predecessor-version":[{"id":10434,"href":"https:\/\/defensoriaformosa.gob.ar\/index.php?rest_route=\/wp\/v2\/posts\/10432\/revisions\/10434"}],"wp:featuredmedia":[{"embeddable":true,"href":"https:\/\/defensoriaformosa.gob.ar\/index.php?rest_route=\/wp\/v2\/media\/10433"}],"wp:attachment":[{"href":"https:\/\/defensoriaformosa.gob.ar\/index.php?rest_route=%2Fwp%2Fv2%2Fmedia&parent=10432"}],"wp:term":[{"taxonomy":"category","embeddable":true,"href":"https:\/\/defensoriaformosa.gob.ar\/index.php?rest_route=%2Fwp%2Fv2%2Fcategories&post=10432"},{"taxonomy":"post_tag","embeddable":true,"href":"https:\/\/defensoriaformosa.gob.ar\/index.php?rest_route=%2Fwp%2Fv2%2Ftags&post=10432"}],"curies":[{"name":"wp","href":"https:\/\/api.w.org\/{rel}","templated":true}]}}