{"id":10429,"date":"2020-03-13T14:50:20","date_gmt":"2020-03-13T17:50:20","guid":{"rendered":"http:\/\/2015.defensoriaformosa.gob.ar\/?p=10429"},"modified":"2020-03-13T14:50:20","modified_gmt":"2020-03-13T17:50:20","slug":"con-orden-judicial-mediante-se-logro-el-desalojo-de-los-manifestantes-que-se-encontraban-tomando-ilegalmente-el-edificio-de-la-escuela-no-438-y-de-la-epes-eib-no-3-de-ingeniero-juarez","status":"publish","type":"post","link":"https:\/\/defensoriaformosa.gob.ar\/?p=10429","title":{"rendered":"CON ORDEN JUDICIAL MEDIANTE SE LOGRO EL DESALOJO DE LOS MANIFESTANTES QUE SE ENCONTRABAN TOMANDO ILEGALMENTE EL EDIFICIO DE LA ESCUELA N\u00ba 438 Y DE LA EPES EIB N\u00ba 3 DE INGENIERO JUAREZ"},"content":{"rendered":"<p><strong>El lunes se inicia el normal dictado de clases m\u00e1s el servicio nutricional escolar, hoy ya se inscribe a alumnos de ambos Establecimientos-<\/strong><\/p>\n<p><!--more--><\/p>\n<p>En horas de la ma\u00f1ana, el Defensor del Pueblo de la Provincia de Formosa Dr. Jos\u00e9 Leonardo Gialluca acompa\u00f1ado por el Representante de la Defensor\u00eda del Pueblo de Naci\u00f3n en Formosa Dr. Julio N\u00e9stor Santander, el Asesor Letrado Dr. Fernando Sosa, junto al Crio. Lorenzo Blanco y otros integrantes de la fuerza, procedieron a diligenciar la orden judicial emanada del Juzgado de Primera Instancia en lo Civil, Comercial del Trabajo y de Menores de la Tercera Circunscripci\u00f3n Judicial con asiento en Las Lomitas a cargo del Dr. Francisco Orella, Secretaria de la Dra. Liz Hidalgo y dieron cumplimiento al desalojo inmediato de los ciudadanos Ariel Segundo, Juan Carlos Santill\u00e1n, Hercilia Ag\u00fcero, Miguelina Navarrete y otras personas que se encontraban ocupando ileg\u00edtimamente la Escuela Provincial de Educaci\u00f3n Primaria N\u00ba 438 y la EPES EIB N\u00ba 3 ubicadas en el Barrio Obrero de la Localidad de Ing. Ju\u00e1rez. En un primer momento al arribar el Ombudsman Provincial, pidi\u00f3 hablar con los manifestantes quienes accedieron a ello, pero interin la imputada Hercilia Ag\u00fcero, comenz\u00f3 a llamar por celular a m\u00e1s gente de su Comunidad y al mismo tiempo, al frente se manifestaban ruidosamente un nutrido grupo de Padres y Alumnos que ped\u00edan a viva voz que se liberaran los Establecimientos para que puedan inscribirse, recibir los kits escolares y asistir al servicio nutricional que no se ven\u00eda brindando. Luego de realizado todos los procedimientos formales de rigor, quedaron ambas Instituciones en resguardo de la Polic\u00eda de la Provincia para evitar que los originarios de la zona y otras personas, vuelvan a tomar estos lugares, que no pudieron lamentablemente hasta la fecha iniciar el ciclo lectivo 2020, como tampoco han logrado que los comedores escolares funcionen a favor de las ni\u00f1as\/os y adolescentes, perjudicando tambi\u00e9n a centenares de madres y padres que no han obtenido la inscripci\u00f3n de los antes nombrados y tampoco conseguido las constancias correspondientes, para el cobro de las asignaciones por ayuda escolar y otros beneficios que otorga el Estado Nacional y Provincial. El Ombudsman Provincial, destac\u00f3 la celeridad con la que actu\u00f3 en este caso la Justicia Civil de Las Lomitas y toda la colaboraci\u00f3n de las Fuerzas de Seguridad de la Polic\u00eda de la Provincia que nos estuvieron acompa\u00f1ando y resguardando de manera permanente. Al mismo tiempo, resalt\u00f3 que, nuestra Constituci\u00f3n Nacional reconoce el derecho a la educaci\u00f3n. Impl\u00edcitamente, por ejemplo, en el art\u00edculo 14 al establecer que todos los habitantes de la Naci\u00f3n gozan de los derechos a ense\u00f1ar y aprender. Expl\u00edcitamente, en su art\u00edculo 75, inciso 22, al incorporar la Convenci\u00f3n de los Derechos del Ni\u00f1o, cuyo art\u00edculo 28 asume el derecho del ni\u00f1o a la educaci\u00f3n; el Art\u00edculo 93 de la Constituci\u00f3n de la Provincia de Formosa, establece que el Estado Provincial tiene la obligaci\u00f3n seg\u00fan corresponda, de determinar, conducir, ejecutar, supervisar, concertar y apoyar la educaci\u00f3n del pueblo en todas sus formas, contenidos y manifestaciones. A tal efecto, las leyes que se dicten y las pol\u00edticas educativas que se fijen deber\u00e1n contemplar: La libertad de ense\u00f1ar y aprender; el reconocimiento de la familia como agente natural y<br \/>\nprimigenio de la cultura y la educaci\u00f3n. Por lo que, Gialluca afirm\u00f3 que nada ni nadie puede impedir que nuestras ni\u00f1as\/os y adolescentes sean privados de un derecho p\u00fablico como lo es el de la educaci\u00f3n y m\u00e1s a\u00fan en Formosa, donde el Gobierno Provincial a cargo del Dr. Gildo Insfr\u00e1n, contin\u00faa en estos tiempos de grave crisis econ\u00f3mica y social, inaugurando m\u00e1s y mejores establecimientos educativos con una pol\u00edtica p\u00fablica claramente inclusiva y gratuita, donde se tiene en cuenta a los ni\u00f1os con capacidades diferentes y tambi\u00e9n a los pueblos originarios de todo nuestro territorio, en los cuales la educaci\u00f3n intercultural biling\u00fce se respeta y se promueve la lengua de los pueblos originarios Pilag\u00e1, Qom y Wichi, mediante maestros MEMAS para todos los niveles educativos. Por \u00faltimo, advirti\u00f3 que no somos necios y por ello, tambi\u00e9n hemos pedido a los manifestantes que nos hagan llegar sus requerimientos y en consecuencia, les daremos el tratamiento y gesti\u00f3n que corresponda, \u201cpero no permitiremos ratific\u00f3 que nada ni nadie impida que nuestras ni\u00f1as\/os y adolescentes concurran libremente a los establecimientos educativos y que al mismo tiempo todos los docentes puedan ejercer su derecho leg\u00edtimo a desarrollar sin inconvenientes sus trabajos en cualquier punto de la provincia\u201d.<\/p>\n","protected":false},"excerpt":{"rendered":"<p>El lunes se inicia el normal dictado de clases m\u00e1s el servicio nutricional escolar, hoy ya se inscribe a alumnos de ambos Establecimientos-<\/p>\n","protected":false},"author":1,"featured_media":10430,"comment_status":"closed","ping_status":"closed","sticky":false,"template":"","format":"standard","meta":{"footnotes":""},"categories":[1,6],"tags":[],"class_list":["post-10429","post","type-post","status-publish","format-standard","has-post-thumbnail","hentry","category-noticias","category-salud"],"_links":{"self":[{"href":"https:\/\/defensoriaformosa.gob.ar\/index.php?rest_route=\/wp\/v2\/posts\/10429","targetHints":{"allow":["GET"]}}],"collection":[{"href":"https:\/\/defensoriaformosa.gob.ar\/index.php?rest_route=\/wp\/v2\/posts"}],"about":[{"href":"https:\/\/defensoriaformosa.gob.ar\/index.php?rest_route=\/wp\/v2\/types\/post"}],"author":[{"embeddable":true,"href":"https:\/\/defensoriaformosa.gob.ar\/index.php?rest_route=\/wp\/v2\/users\/1"}],"replies":[{"embeddable":true,"href":"https:\/\/defensoriaformosa.gob.ar\/index.php?rest_route=%2Fwp%2Fv2%2Fcomments&post=10429"}],"version-history":[{"count":1,"href":"https:\/\/defensoriaformosa.gob.ar\/index.php?rest_route=\/wp\/v2\/posts\/10429\/revisions"}],"predecessor-version":[{"id":10431,"href":"https:\/\/defensoriaformosa.gob.ar\/index.php?rest_route=\/wp\/v2\/posts\/10429\/revisions\/10431"}],"wp:featuredmedia":[{"embeddable":true,"href":"https:\/\/defensoriaformosa.gob.ar\/index.php?rest_route=\/wp\/v2\/media\/10430"}],"wp:attachment":[{"href":"https:\/\/defensoriaformosa.gob.ar\/index.php?rest_route=%2Fwp%2Fv2%2Fmedia&parent=10429"}],"wp:term":[{"taxonomy":"category","embeddable":true,"href":"https:\/\/defensoriaformosa.gob.ar\/index.php?rest_route=%2Fwp%2Fv2%2Fcategories&post=10429"},{"taxonomy":"post_tag","embeddable":true,"href":"https:\/\/defensoriaformosa.gob.ar\/index.php?rest_route=%2Fwp%2Fv2%2Ftags&post=10429"}],"curies":[{"name":"wp","href":"https:\/\/api.w.org\/{rel}","templated":true}]}}