{"id":10426,"date":"2020-03-12T16:31:02","date_gmt":"2020-03-12T19:31:02","guid":{"rendered":"http:\/\/2015.defensoriaformosa.gob.ar\/?p=10426"},"modified":"2020-03-12T16:31:02","modified_gmt":"2020-03-12T19:31:02","slug":"destaco-la-defensoria-la-desaceleracion-de-la-inflacion-pero-exigio-apurar-la-reglamentacion-de-la-ley-de-gondolas-y-que-los-productos-de-precios-cuidados-no-sean-excluidos-de-la-misma","status":"publish","type":"post","link":"https:\/\/defensoriaformosa.gob.ar\/?p=10426","title":{"rendered":"DESTACO LA DEFENSORIA LA DESACELERACION DE LA INFLACION, PERO EXIGIO APURAR LA REGLAMENTACION DE LA LEY DE GONDOLAS Y QUE LOS PRODUCTOS DE PRECIOS CUIDADOS NO SEAN EXCLUIDOS DE LA MISMA"},"content":{"rendered":"<p><strong>M\u00e1s all\u00e1 de los datos de inflaci\u00f3n correspondiente al mes de febrero y que se se\u00f1ala como m\u00e1s baja que la de enero donde la variaci\u00f3n de precios fue del 2,3% seg\u00fan el INDEC, y siempre considerando que continuamos con un tipo de cambio casi congelado, cepo cambiario y congelamiento de tarifas y combustibles, desde la Defensor\u00eda del Pueblo de la Provincia de Formosa, se volvi\u00f3 a denunciar que los alimentos y bebidas contin\u00faan registrando variaciones en sus precios muy por encima al nivel general y que otro dato a ser tenido en cuenta es que, se destac\u00f3 que todos los productos que est\u00e1n dentro de Precios Cuidados, incrementaron sustancialmente sus ventas, lo que nos est\u00e1 mostrando una buena aceptaci\u00f3n del Programa en tanto que sus precios son tomados como referencia. <\/strong><\/p>\n<p><!--more--><\/p>\n<p>El Ombudsman Provincial Dr. Jos\u00e9 Leonardo Gialluca, se\u00f1al\u00f3 que, si bien estamos viendo como la inflaci\u00f3n se desacelera, consideramos que en el caso de los alimentos, los precios deber\u00edan descender todav\u00eda mucho m\u00e1s y en esto es que hemos, Instado al Subsecretario de Pol\u00edticas para el Mercado Interno a cargo de Mat\u00edas Ginsberg, que se adopten las medidas urgentes y necesarias en todas las pr\u00f3ximas reuniones ya sea con la Copal (Coordinadora de las Industrias de Productos Alimenticios), igualmente con ASU (Asociaci\u00f3n de Supermercados Unidos) y con la C\u00e1mara de Comercio de los Estados Unidos en Argentina (Amcham), que \u201cno se puede continuar permitiendo las grandes dispersiones y distorsiones de precios que existen actualmente en el sector de los alimentos principalmente a lo que respecta al az\u00facar, harina, carnes y otros\u201d. En los \u00faltimos meses, el precio de la carne vacuna al p\u00fablico aument\u00f3 por encima de la inflaci\u00f3n entre 2 y 5 puntos porcentuales. As\u00ed, desde el Organismo de la Constituci\u00f3n, tambi\u00e9n se peticion\u00f3 no demorar la reglamentaci\u00f3n de la sancionada Ley de G\u00f3ndolas, que es rechazada por todas las empresas productoras de alimentos y por el supermercadismo, debiendo exigirse su cumplimiento dentro del plazo estipulado por la citada norma y no permitir que en la reglamentaci\u00f3n se distorsionen los espacios que deben tener cada producto en las mismas y tampoco permitir como pretenden los empresarios y los supermercadistas que los productos de Precios Cuidados queden fuera del espacio del 30%, donde los consumidores podremos encontrar mejores precios y mayores ofertas. Por \u00faltimo, Gialluca denunci\u00f3 que, el Gobierno Nacional tiene la obligaci\u00f3n de denunciar a los formadores de precios y exigir que nos den a conocer a todos los consumidores las estructuras de costos, para as\u00ed evitar los abusos de posiciones dominantes, donde un pu\u00f1ado de empresas junto a los supermercadistas, nos imponen precios de los alimentos y bebidas que no son ni razonables y menos a\u00fan pueden justificarlos. De lo contrario, todo esfuerzo que se haga con otras medidas para que contin\u00fae bajando la inflaci\u00f3n, de nada sirve si se contin\u00faa distorsionando el precio de los alimentos y esto lo podemos observar n\u00edtidamente con lo que vine sucediendo con un producto, \u201cde lujo como es el de la carne vacuna\u201d.<\/p>\n","protected":false},"excerpt":{"rendered":"<p>M\u00e1s all\u00e1 de los datos de inflaci\u00f3n correspondiente al mes de febrero y que se se\u00f1ala como m\u00e1s baja que la de enero donde la variaci\u00f3n de precios fue del 2,3% seg\u00fan el INDEC, y siempre considerando que continuamos con un tipo de cambio casi congelado, cepo cambiario y congelamiento de tarifas y combustibles, desde [&hellip;]<\/p>\n","protected":false},"author":1,"featured_media":10427,"comment_status":"closed","ping_status":"closed","sticky":false,"template":"","format":"standard","meta":{"footnotes":""},"categories":[1],"tags":[],"class_list":["post-10426","post","type-post","status-publish","format-standard","has-post-thumbnail","hentry","category-noticias"],"_links":{"self":[{"href":"https:\/\/defensoriaformosa.gob.ar\/index.php?rest_route=\/wp\/v2\/posts\/10426","targetHints":{"allow":["GET"]}}],"collection":[{"href":"https:\/\/defensoriaformosa.gob.ar\/index.php?rest_route=\/wp\/v2\/posts"}],"about":[{"href":"https:\/\/defensoriaformosa.gob.ar\/index.php?rest_route=\/wp\/v2\/types\/post"}],"author":[{"embeddable":true,"href":"https:\/\/defensoriaformosa.gob.ar\/index.php?rest_route=\/wp\/v2\/users\/1"}],"replies":[{"embeddable":true,"href":"https:\/\/defensoriaformosa.gob.ar\/index.php?rest_route=%2Fwp%2Fv2%2Fcomments&post=10426"}],"version-history":[{"count":1,"href":"https:\/\/defensoriaformosa.gob.ar\/index.php?rest_route=\/wp\/v2\/posts\/10426\/revisions"}],"predecessor-version":[{"id":10428,"href":"https:\/\/defensoriaformosa.gob.ar\/index.php?rest_route=\/wp\/v2\/posts\/10426\/revisions\/10428"}],"wp:featuredmedia":[{"embeddable":true,"href":"https:\/\/defensoriaformosa.gob.ar\/index.php?rest_route=\/wp\/v2\/media\/10427"}],"wp:attachment":[{"href":"https:\/\/defensoriaformosa.gob.ar\/index.php?rest_route=%2Fwp%2Fv2%2Fmedia&parent=10426"}],"wp:term":[{"taxonomy":"category","embeddable":true,"href":"https:\/\/defensoriaformosa.gob.ar\/index.php?rest_route=%2Fwp%2Fv2%2Fcategories&post=10426"},{"taxonomy":"post_tag","embeddable":true,"href":"https:\/\/defensoriaformosa.gob.ar\/index.php?rest_route=%2Fwp%2Fv2%2Ftags&post=10426"}],"curies":[{"name":"wp","href":"https:\/\/api.w.org\/{rel}","templated":true}]}}