{"id":10416,"date":"2020-03-09T22:31:31","date_gmt":"2020-03-10T01:31:31","guid":{"rendered":"http:\/\/2015.defensoriaformosa.gob.ar\/?p=10416"},"modified":"2020-03-09T22:31:31","modified_gmt":"2020-03-10T01:31:31","slug":"de-mantenerse-la-baja-en-el-petroleo-la-defensoria-del-pueblo-solicito-al-ministro-de-desarrollo-productivo-que-intervenga-para-que-se-reduzcan-los-precios-de-los-combustibles","status":"publish","type":"post","link":"https:\/\/defensoriaformosa.gob.ar\/?p=10416","title":{"rendered":"DE MANTENERSE LA BAJA EN EL PETROLEO, LA DEFENSORIA DEL PUEBLO SOLICITO AL MINISTRO DE DESARROLLO PRODUCTIVO QUE INTERVENGA, \u201cPARA QUE SE REDUZCAN LOS PRECIOS DE LOS COMBUSTIBLES\u201d"},"content":{"rendered":"<p><strong>Se se\u00f1al\u00f3 desde la Defensor\u00eda del Pueblo, que los precios de los combustibles est\u00e1n congelados desde la asunci\u00f3n de Alberto Fern\u00e1ndez como Presidente de la Naci\u00f3n, salvo una peque\u00f1a correcci\u00f3n de 13 o 15 centavos por alza de impuestos, los valores no se movieron. <\/strong><\/p>\n<p><!--more--><\/p>\n<p>Al mismo tiempo, desde diciembre el d\u00f3lar oficial con cepo se movi\u00f3 apenas $1: de $63 a $64. En tanto, que el biodiesel y el etanol (ma\u00edz y ca\u00f1a de az\u00facar) casi no sufrieron actualizaciones. En este contexto, ahora surge una fuerte baja en el precio del petr\u00f3leo, y en nombre y representaci\u00f3n de los consumidores de la Provincia de Formosa, se requiri\u00f3 al Ministro de Desarrollo Productivo Dr. Mat\u00edas Sebasti\u00e1n Kulfas, \u201canalizar y decidir en el menor tiempo material posible la reducci\u00f3n de los precios de los carburantes\u201d. Otros beneficiados con esta baja del petr\u00f3leo, son justamente las empresas petroleras que importar el crudo y que ahora necesitan much\u00edsimos menos d\u00f3lares para comprar sus productos, y obviamente que si bien somos conscientes que tambi\u00e9n existen sectores perjudicados, \u201cInstitucionalmente a nosotros nos toca bregar siempre por el beneficio econ\u00f3mico y social de los consumidores y en este caso, pedimos que si se mantiene esta tendencia de baja del petr\u00f3leo, disminuyan el precio de los combustibles en las estaciones de servicios. Gialluca advirti\u00f3, que alguna vez los consumidores tambi\u00e9n tenemos que tener buenas noticias y esta es una oportunidad, para que tambi\u00e9n todo lo que se relaciona, \u201ccon el famoso denominado valor flete o traslado de las mercader\u00edas, repercuta en una baja en el valor de los alimentos o por lo menos, que no se los contin\u00faen remarcando como se lo est\u00e1 haciendo actualmente\u201d. Todo lo dem\u00e1s que hace a la macroeconom\u00eda, esto es, la aplicaci\u00f3n de un barril criollo para no perjudicar a Vaca Muerta, la matriz de costo del sector, las paritarias y otros temas relacionados con las estaciones de servicio, son tem\u00e1ticas que deber\u00e1n discutirse en cada \u00e1mbito y por cada sector competente, lo que queda en claro es que, el Estado Nacional debe intervenir para que el precio de los combustibles baje frente a la baja en el petr\u00f3leo.<\/p>\n","protected":false},"excerpt":{"rendered":"<p>Se se\u00f1al\u00f3 desde la Defensor\u00eda del Pueblo, que los precios de los combustibles est\u00e1n congelados desde la asunci\u00f3n de Alberto Fern\u00e1ndez como Presidente de la Naci\u00f3n, salvo una peque\u00f1a correcci\u00f3n de 13 o 15 centavos por alza de impuestos, los valores no se movieron.<\/p>\n","protected":false},"author":1,"featured_media":10417,"comment_status":"closed","ping_status":"closed","sticky":false,"template":"","format":"standard","meta":{"footnotes":""},"categories":[4,1,6],"tags":[],"class_list":["post-10416","post","type-post","status-publish","format-standard","has-post-thumbnail","hentry","category-ddhh","category-noticias","category-salud"],"_links":{"self":[{"href":"https:\/\/defensoriaformosa.gob.ar\/index.php?rest_route=\/wp\/v2\/posts\/10416","targetHints":{"allow":["GET"]}}],"collection":[{"href":"https:\/\/defensoriaformosa.gob.ar\/index.php?rest_route=\/wp\/v2\/posts"}],"about":[{"href":"https:\/\/defensoriaformosa.gob.ar\/index.php?rest_route=\/wp\/v2\/types\/post"}],"author":[{"embeddable":true,"href":"https:\/\/defensoriaformosa.gob.ar\/index.php?rest_route=\/wp\/v2\/users\/1"}],"replies":[{"embeddable":true,"href":"https:\/\/defensoriaformosa.gob.ar\/index.php?rest_route=%2Fwp%2Fv2%2Fcomments&post=10416"}],"version-history":[{"count":1,"href":"https:\/\/defensoriaformosa.gob.ar\/index.php?rest_route=\/wp\/v2\/posts\/10416\/revisions"}],"predecessor-version":[{"id":10418,"href":"https:\/\/defensoriaformosa.gob.ar\/index.php?rest_route=\/wp\/v2\/posts\/10416\/revisions\/10418"}],"wp:featuredmedia":[{"embeddable":true,"href":"https:\/\/defensoriaformosa.gob.ar\/index.php?rest_route=\/wp\/v2\/media\/10417"}],"wp:attachment":[{"href":"https:\/\/defensoriaformosa.gob.ar\/index.php?rest_route=%2Fwp%2Fv2%2Fmedia&parent=10416"}],"wp:term":[{"taxonomy":"category","embeddable":true,"href":"https:\/\/defensoriaformosa.gob.ar\/index.php?rest_route=%2Fwp%2Fv2%2Fcategories&post=10416"},{"taxonomy":"post_tag","embeddable":true,"href":"https:\/\/defensoriaformosa.gob.ar\/index.php?rest_route=%2Fwp%2Fv2%2Ftags&post=10416"}],"curies":[{"name":"wp","href":"https:\/\/api.w.org\/{rel}","templated":true}]}}